{"id":82670,"date":"2025-07-22T07:00:00","date_gmt":"2025-07-22T13:00:00","guid":{"rendered":"https:\/\/zonaroja.com.mx\/?p=82670"},"modified":"2025-07-22T06:33:42","modified_gmt":"2025-07-22T12:33:42","slug":"detienen-a-presunto-feminicida-de-karla-ultimada-con-arma-de-grueso-calibre","status":"publish","type":"post","link":"https:\/\/zonaroja.com.mx\/?p=82670","title":{"rendered":"Detienen a presunto feminicida de Karla, ultimada con arma de grueso calibre"},"content":{"rendered":"\n<p>Redacci\u00f3n\/Zona Roja Cdmx.<\/p>\n\n\n\n<p>Ciudad de M\u00e9xico, a 22 de julio de 2025.- Fuerzas de seguridad de M\u00e9xico detuvieron este lunes al presunto hombre que asesin\u00f3 a tiros a una mujer en el estado de Jalisco, con un fusil hace una semana.<\/p>\n\n\n\n<p>El crimen conmocion\u00f3 al pa\u00eds, donde la violencia de g\u00e9nero es un problema latente, pues fue grabado por una c\u00e1mara de seguridad y el video se viraliz\u00f3 en redes sociales.<\/p>\n\n\n\n<p>Kevin \u00abN\u00bb (por ley se reservan los apellidos) fue capturado en una casa del municipio de Tonal\u00e1, un suburbio de la ciudad de Guadalajara, capital del estado de Jalisco y donde ocurri\u00f3 el crimen.<\/p>\n\n\n\n<p>El sujeto, de 24 a\u00f1os, fue llevado ante un juez para que la Fiscal\u00eda estatal le impute el cargo de feminicidio contra Karla Ba\u00f1uelos, inform\u00f3 Elizabeth Canales, vicefiscal en Investigaci\u00f3n Especializada en Atenci\u00f3n a Mujeres, Ni\u00f1os, Ni\u00f1as y Adolescentes.<\/p>\n\n\n\n<p>La funcionaria a\u00f1adi\u00f3 que el arma con la que fue asesinada la v\u00edctima, de 28 a\u00f1os, no ha sido localizada y solo fueron recuperados los casquillos que quedaron en la escena del crimen.<\/p>\n\n\n\n<p>El video del asesinato, difundido en redes sociales desde el pasado 13 de julio, muestra a un hombre mientras habla por tel\u00e9fono al lado de una camioneta. Segundos despu\u00e9s el sujeto camina y sale de la escena, pero regresa junto con una mujer que golpea el veh\u00edculo con una escoba.<\/p>\n\n\n\n<p>Durante la discusi\u00f3n, el hombre entra al coche y sale con un fusil, con el cual apunta a la mujer y luego le dispara a quemarropa.<\/p>\n\n\n\n<p>El hecho violento recuerda al crimen de la influencer Valeria M\u00e1rquez, quien fue ultimada a balazos en mayo mientras realizaba una transmisi\u00f3n en vivo en TikTok, tambi\u00e9n en el estado de Jalisco.<\/p>\n\n\n\n<p>Seg\u00fan la ONU, los asesinatos de ni\u00f1as y mujeres en M\u00e9xico promedian unos 10 por d\u00eda.<\/p>\n\n\n\n<p>(Informaci\u00f3n de la agencia AFP en \u201cEl Economista\u201d)<\/p>\n","protected":false},"excerpt":{"rendered":"<p>Redacci\u00f3n\/Zona Roja Cdmx. Ciudad de M\u00e9xico, a 22 de julio de 2025.- Fuerzas de seguridad&hellip;<\/p>\n","protected":false},"author":2,"featured_media":82433,"comment_status":"closed","ping_status":"open","sticky":false,"template":"","format":"standard","meta":{"_lmt_disableupdate":"","_lmt_disable":"","_jetpack_memberships_contains_paid_content":false,"footnotes":""},"categories":[109,47],"tags":[],"class_list":["post-82670","post","type-post","status-publish","format-standard","has-post-thumbnail","hentry","category-minuto-a-minuto","category-zona-gris"],"jetpack_featured_media_url":"https:\/\/zonaroja.com.mx\/wp-content\/uploads\/2025\/07\/Karla-asesinada-Guadalajara.jpeg","jetpack_sharing_enabled":true,"_links":{"self":[{"href":"https:\/\/zonaroja.com.mx\/index.php?rest_route=\/wp\/v2\/posts\/82670","targetHints":{"allow":["GET"]}}],"collection":[{"href":"https:\/\/zonaroja.com.mx\/index.php?rest_route=\/wp\/v2\/posts"}],"about":[{"href":"https:\/\/zonaroja.com.mx\/index.php?rest_route=\/wp\/v2\/types\/post"}],"author":[{"embeddable":true,"href":"https:\/\/zonaroja.com.mx\/index.php?rest_route=\/wp\/v2\/users\/2"}],"replies":[{"embeddable":true,"href":"https:\/\/zonaroja.com.mx\/index.php?rest_route=%2Fwp%2Fv2%2Fcomments&post=82670"}],"version-history":[{"count":1,"href":"https:\/\/zonaroja.com.mx\/index.php?rest_route=\/wp\/v2\/posts\/82670\/revisions"}],"predecessor-version":[{"id":82671,"href":"https:\/\/zonaroja.com.mx\/index.php?rest_route=\/wp\/v2\/posts\/82670\/revisions\/82671"}],"wp:featuredmedia":[{"embeddable":true,"href":"https:\/\/zonaroja.com.mx\/index.php?rest_route=\/wp\/v2\/media\/82433"}],"wp:attachment":[{"href":"https:\/\/zonaroja.com.mx\/index.php?rest_route=%2Fwp%2Fv2%2Fmedia&parent=82670"}],"wp:term":[{"taxonomy":"category","embeddable":true,"href":"https:\/\/zonaroja.com.mx\/index.php?rest_route=%2Fwp%2Fv2%2Fcategories&post=82670"},{"taxonomy":"post_tag","embeddable":true,"href":"https:\/\/zonaroja.com.mx\/index.php?rest_route=%2Fwp%2Fv2%2Ftags&post=82670"}],"curies":[{"name":"wp","href":"https:\/\/api.w.org\/{rel}","templated":true}]}}