{"id":82672,"date":"2025-07-22T08:15:00","date_gmt":"2025-07-22T14:15:00","guid":{"rendered":"https:\/\/zonaroja.com.mx\/?p=82672"},"modified":"2025-07-22T06:38:14","modified_gmt":"2025-07-22T12:38:14","slug":"con-calles-semipeatonales-se-prioriza-a-las-personas-y-al-comercio-local-edil","status":"publish","type":"post","link":"https:\/\/zonaroja.com.mx\/?p=82672","title":{"rendered":"Con calles semipeatonales se prioriza a las personas y al comercio local: edil"},"content":{"rendered":"\n<p>Redacci\u00f3n\/Zona Roja.<\/p>\n\n\n\n<p>Oaxaca, Oax., a 22 de julio de 2025.- El presidente municipal de Oaxaca de Ju\u00e1rez, Raymundo Chagoya Villanueva, asisti\u00f3 a la inauguraci\u00f3n de las calles semipeatonales del programa Oaxaca Camina, una iniciativa que transforma el Centro Hist\u00f3rico en favor de las y los peatones, turistas y comerciantes locales.<\/p>\n\n\n\n<p>Gracias al trabajo coordinado con el gobernador del estado, Salom\u00f3n Jara Cruz, y diversas instituciones, hoy las calles de Aldama y Las Casas, ubicadas frente al Mercado Benito Ju\u00e1rez y 20 de Noviembre, se convierten en espacios m\u00e1s accesibles y seguros.&nbsp;<\/p>\n\n\n\n<p>Esta intervenci\u00f3n urbana busca fomentar una ciudad m\u00e1s incluyente, sostenible y ordenada, sin necesidad de cerrar vialidades, respetando la vocaci\u00f3n comercial y cultural de la zona.<\/p>\n\n\n\n<p>Durante el recorrido inaugural, el presidente Ray Chagoya destac\u00f3 que el municipio se sum\u00f3 a esta transformaci\u00f3n de las calles reafirmando as\u00ed su compromiso de dignificar el espacio p\u00fablico y mejorar la movilidad para todas y todos.<\/p>\n\n\n\n<p>\u201cOaxaca Camina es ejemplo de lo que lo que se puede lograr con voluntad, visi\u00f3n compartida y coordinaci\u00f3n entre niveles de gobierno\u00bb afirm\u00f3 Ray Chagoya.<\/p>\n\n\n\n<p>Este proyecto fortalece el tejido urbano, impulsa la convivencia ciudadana y embellece el coraz\u00f3n de la capital en beneficio de vecinas, vecinos y visitantes.<\/p>\n\n\n\n<figure class=\"wp-block-embed is-type-rich is-provider-twitter wp-block-embed-twitter\"><div class=\"wp-block-embed__wrapper\">\n<div class=\"twitter-tweet\"><blockquote class=\"twitter-tweet\" data-lang=\"es\"><p lang=\"es\" dir=\"ltr\">En equipo con nuestro gobernador Salom\u00f3n Jara Cruz, avanzamos con Oaxaca Camina, transformando el Centro Hist\u00f3rico con accesos peatonales seguros, incluyentes y ordenados. \u00a1La coordinaci\u00f3n da resultados! \u2705 <a href=\"https:\/\/t.co\/BnASN8Ekh4\">pic.twitter.com\/BnASN8Ekh4<\/a><\/p>&mdash; Ray Chagoya (@raychagoya) <a href=\"https:\/\/twitter.com\/raychagoya\/status\/1947106549626736959?ref_src=twsrc%5Etfw\">21 de julio de 2025<\/a><\/blockquote><\/div>\n<\/div><\/figure>\n","protected":false},"excerpt":{"rendered":"<p>Redacci\u00f3n\/Zona Roja. Oaxaca, Oax., a 22 de julio de 2025.- El presidente municipal de Oaxaca&hellip;<\/p>\n","protected":false},"author":2,"featured_media":82673,"comment_status":"closed","ping_status":"open","sticky":false,"template":"","format":"standard","meta":{"_lmt_disableupdate":"","_lmt_disable":"","_jetpack_memberships_contains_paid_content":false,"footnotes":""},"categories":[109,46],"tags":[148,4142],"class_list":["post-82672","post","type-post","status-publish","format-standard","has-post-thumbnail","hentry","category-minuto-a-minuto","category-zona-blanca","tag-oaxaca-de-juarez","tag-raymundo-chagoya"],"jetpack_featured_media_url":"https:\/\/zonaroja.com.mx\/wp-content\/uploads\/2025\/07\/Oaxaca-calles-semipeatonales.jpeg","jetpack_sharing_enabled":true,"_links":{"self":[{"href":"https:\/\/zonaroja.com.mx\/index.php?rest_route=\/wp\/v2\/posts\/82672","targetHints":{"allow":["GET"]}}],"collection":[{"href":"https:\/\/zonaroja.com.mx\/index.php?rest_route=\/wp\/v2\/posts"}],"about":[{"href":"https:\/\/zonaroja.com.mx\/index.php?rest_route=\/wp\/v2\/types\/post"}],"author":[{"embeddable":true,"href":"https:\/\/zonaroja.com.mx\/index.php?rest_route=\/wp\/v2\/users\/2"}],"replies":[{"embeddable":true,"href":"https:\/\/zonaroja.com.mx\/index.php?rest_route=%2Fwp%2Fv2%2Fcomments&post=82672"}],"version-history":[{"count":1,"href":"https:\/\/zonaroja.com.mx\/index.php?rest_route=\/wp\/v2\/posts\/82672\/revisions"}],"predecessor-version":[{"id":82674,"href":"https:\/\/zonaroja.com.mx\/index.php?rest_route=\/wp\/v2\/posts\/82672\/revisions\/82674"}],"wp:featuredmedia":[{"embeddable":true,"href":"https:\/\/zonaroja.com.mx\/index.php?rest_route=\/wp\/v2\/media\/82673"}],"wp:attachment":[{"href":"https:\/\/zonaroja.com.mx\/index.php?rest_route=%2Fwp%2Fv2%2Fmedia&parent=82672"}],"wp:term":[{"taxonomy":"category","embeddable":true,"href":"https:\/\/zonaroja.com.mx\/index.php?rest_route=%2Fwp%2Fv2%2Fcategories&post=82672"},{"taxonomy":"post_tag","embeddable":true,"href":"https:\/\/zonaroja.com.mx\/index.php?rest_route=%2Fwp%2Fv2%2Ftags&post=82672"}],"curies":[{"name":"wp","href":"https:\/\/api.w.org\/{rel}","templated":true}]}}