{"id":82675,"date":"2025-07-22T09:15:00","date_gmt":"2025-07-22T15:15:00","guid":{"rendered":"https:\/\/zonaroja.com.mx\/?p=82675"},"modified":"2025-07-22T06:54:29","modified_gmt":"2025-07-22T12:54:29","slug":"indigenas-3-de-cada-100-personas-privadas-de-su-libertad","status":"publish","type":"post","link":"https:\/\/zonaroja.com.mx\/?p=82675","title":{"rendered":"Ind\u00edgenas, 3 de cada 100 personas privadas de su libertad\u00a0"},"content":{"rendered":"\n<p>Lisbeth Mej\u00eda Reyes\/Zona Roja.<\/p>\n\n\n\n<p>Oaxaca, Oax., a 22 de julio de 2025.- Las personas de pueblos ind\u00edgenas representan el 3.4 por ciento de la poblaci\u00f3n que se encuentra privada de su libertad en los centros penitenciarios y especializados del pa\u00eds, seg\u00fan el Censo Nacional de Sistema Penitenciario Federal y Estatales (CNSIPEF-E) 2025 del Instituto Nacional de Estad\u00edstica y Geograf\u00eda (Inegi).<\/p>\n\n\n\n<p>A nivel nacional, al cierre de 2024 hab\u00eda 236 mil 773 personas privadas de la libertad\/internadas en los centros &nbsp;penitenciarios y centros especializados: 235 mil 312 adultas y 1,461 adolescentes. Del total de personas privadas de su libertad, el 3.4 % (8 105) pertenec\u00eda a alg\u00fan pueblo ind\u00edgena: 274 fueron mujeres y 7 831, hombres. &nbsp;<\/p>\n\n\n\n<p>En comparaci\u00f3n con 2023, cuando report\u00f3 que hab\u00eda 8 mil 175 ind\u00edgenas, el n\u00famero de personas privadas de la libertad\/internadas&nbsp;pertenecientes a alg\u00fan pueblo ind\u00edgena disminuy\u00f3 0.9 % en 2024, seg\u00fan el documento.<\/p>\n\n\n\n<p>Sin el, de entre estas personas que al cierre de 2024 estaba en estos espacios, las que pertenecen a los pueblos n\u00e1huatl, zapoteco, maya, tarahumara, tseltal y mixteco concentran el 52.5 por ciento.<\/p>\n\n\n\n<p>El documento no detalla la comunidad o estado de origen de las personas ind\u00edgenas privadas de su libertad, pero se observa que hay un gran porcentaje de las que pertenecen a pueblos ind\u00edgenas del estado de Oaxaca: zapotecos, principalmente, que est\u00e1n en el segundo lugar tan solo despu\u00e9s de las del pueblo n\u00e1huatl. En porcentaje, son el 19.8 y el 7.6 por ciento de las personas ind\u00edgenas privadas de su libertad, respectivamente.<\/p>\n\n\n\n<p>Pero adem\u00e1s de estos dos pueblos, tambi\u00e9n se reportaron personas identificadas como mixtecas, mazatecas, mixes, chinantecas y zoques, que son parte de la diversidad \u00e9tnica de la entidad.<\/p>\n\n\n\n<p>Aunque el censo abarca datos al cierre del 2024, la privaci\u00f3n de la libertad de personas de pueblos ind\u00edgenas es uno de los problemas que han denunciado organizaciones sociales y en defensa de los derechos humanos.<\/p>\n\n\n\n<p>En mayo, 33 organizaciones, redes y colectivas del estado de Oaxaca denunciaron que la situaci\u00f3n actual del estado \u00abes alarmante, pues existe una grave crisis de derechos humanos\u00bb.<\/p>\n\n\n\n<p>Al presentar el informe \u201cSituaci\u00f3n sobre el respeto y ejercicio de los Derechos Humanos en el estado de Oaxaca\u201d, las organizaciones alertaron que, debido a la persistencia de conflictos agrarios, y la imposici\u00f3n de megaproyectos, las consecuencias han sido desplazamiento forzado, despojo, criminalizaci\u00f3n, fabricaci\u00f3n de delitos y asesinatos de personas defensoras.<\/p>\n\n\n\n<p>Sobre las personas detenidas, explic\u00f3 que se ha documentado \u00abla fabricaci\u00f3n de delitos para personas defensoras de la comunidad chontal de El Coyul, Huamelula, que al mismo tiempo resisten el despojo de sus tierras para un proyecto tur\u00edstico inmobiliario.<\/p>\n\n\n\n<p>\u00abTambi\u00e9n se document\u00f3 la existencia de 24 procesos judiciales donde se criminaliza a personas ind\u00edgenas ayuujk y binnizaa (zapotecas) de Mogo\u00f1\u00e9 Viejo, del municipio de San Juan Guichicovi; y de Rinc\u00f3n Viejo, del municipio de Petapa, por oponerse a la ampliaci\u00f3n del Corredor Interoce\u00e1nico.<\/p>\n","protected":false},"excerpt":{"rendered":"<p>Lisbeth Mej\u00eda Reyes\/Zona Roja. Oaxaca, Oax., a 22 de julio de 2025.- Las personas de&hellip;<\/p>\n","protected":false},"author":2,"featured_media":68512,"comment_status":"closed","ping_status":"open","sticky":false,"template":"","format":"standard","meta":{"_lmt_disableupdate":"","_lmt_disable":"","_jetpack_memberships_contains_paid_content":false,"footnotes":""},"categories":[109,46],"tags":[],"class_list":["post-82675","post","type-post","status-publish","format-standard","has-post-thumbnail","hentry","category-minuto-a-minuto","category-zona-blanca"],"jetpack_featured_media_url":"https:\/\/zonaroja.com.mx\/wp-content\/uploads\/2024\/05\/prision-carcel-sentenciado.jpg","jetpack_sharing_enabled":true,"_links":{"self":[{"href":"https:\/\/zonaroja.com.mx\/index.php?rest_route=\/wp\/v2\/posts\/82675","targetHints":{"allow":["GET"]}}],"collection":[{"href":"https:\/\/zonaroja.com.mx\/index.php?rest_route=\/wp\/v2\/posts"}],"about":[{"href":"https:\/\/zonaroja.com.mx\/index.php?rest_route=\/wp\/v2\/types\/post"}],"author":[{"embeddable":true,"href":"https:\/\/zonaroja.com.mx\/index.php?rest_route=\/wp\/v2\/users\/2"}],"replies":[{"embeddable":true,"href":"https:\/\/zonaroja.com.mx\/index.php?rest_route=%2Fwp%2Fv2%2Fcomments&post=82675"}],"version-history":[{"count":1,"href":"https:\/\/zonaroja.com.mx\/index.php?rest_route=\/wp\/v2\/posts\/82675\/revisions"}],"predecessor-version":[{"id":82676,"href":"https:\/\/zonaroja.com.mx\/index.php?rest_route=\/wp\/v2\/posts\/82675\/revisions\/82676"}],"wp:featuredmedia":[{"embeddable":true,"href":"https:\/\/zonaroja.com.mx\/index.php?rest_route=\/wp\/v2\/media\/68512"}],"wp:attachment":[{"href":"https:\/\/zonaroja.com.mx\/index.php?rest_route=%2Fwp%2Fv2%2Fmedia&parent=82675"}],"wp:term":[{"taxonomy":"category","embeddable":true,"href":"https:\/\/zonaroja.com.mx\/index.php?rest_route=%2Fwp%2Fv2%2Fcategories&post=82675"},{"taxonomy":"post_tag","embeddable":true,"href":"https:\/\/zonaroja.com.mx\/index.php?rest_route=%2Fwp%2Fv2%2Ftags&post=82675"}],"curies":[{"name":"wp","href":"https:\/\/api.w.org\/{rel}","templated":true}]}}