{"id":82680,"date":"2025-07-22T11:15:00","date_gmt":"2025-07-22T17:15:00","guid":{"rendered":"https:\/\/zonaroja.com.mx\/?p=82680"},"modified":"2025-07-22T12:39:19","modified_gmt":"2025-07-22T18:39:19","slug":"detienen-a-dos-policias-de-tlaxiaco-acusados-de-tortura","status":"publish","type":"post","link":"https:\/\/zonaroja.com.mx\/?p=82680","title":{"rendered":"Detienen a dos polic\u00edas de Tlaxiaco, acusados de tortura"},"content":{"rendered":"\n<p>Raymundo Morales\/Zona Roja.<\/p>\n\n\n\n<p>Oaxaca, Oax., a 22 de julio de 2025.- Dos elementos de la polic\u00eda municipal de la Heroica Ciudad de Tlaxiaco fueron detenidos bajo la acusaci\u00f3n del delito de tortura.<\/p>\n\n\n\n<p>Elementos de la Agencia Estatal de Investigaciones (AEI), de la Fiscal\u00eda General del Estado de Oaxaca, dieron cumplimiento a la orden de aprehensi\u00f3n en contra de Jorge H. S. y Melquiades A. S.<\/p>\n\n\n\n<p>De acuerdo con las indagatorias oficiales, el 21 de marzo de 2020, ambos habr\u00edan detenido ilegalmente, baleado y torturado a \u00c1ngel Daniel B. V., quien tras ello a\u00fan registra secuelas y no puede caminar, ya que le destrozaron las dos piernas.<\/p>\n\n\n\n<p>La v\u00edctima contin\u00faa recibiendo atenci\u00f3n m\u00e9dica y hasta el momento reportan como delicado su estado de salud.<\/p>\n\n\n\n<p>Luego de hechos por el abuso polic\u00edaco, \u00c1ngel Daniel comenz\u00f3 a recibir amenazas, por lo que su hermano Daniel B.V., solicit\u00f3 medidas cautelares y por lo cual el 18 de julio del 2020 se le dictaron por la Comisi\u00f3n Interamericana de Derechos Humanos (CIDH) MC-636-20.<\/p>\n\n\n\n<p>Daniel perdi\u00f3 la vida de manera extra\u00f1a en agosto de 2024, tras desaparecer de Tlaxiaco, y su cuerpo fue hallado en la supercarretera Oaxaca-Cuacnopalan, supuestamente atropellado, lo cual es tambi\u00e9n investigado por la Fiscal\u00eda.<\/p>\n\n\n\n<p>El pasado fin de semana, un juez que lleva la causa valor\u00f3 las primeras pruebas y calific\u00f3 como legal la detenci\u00f3n Melquiades A.S., y Jorge H.S., a quienes se les dict\u00f3 la medida de prisi\u00f3n preventiva.<\/p>\n","protected":false},"excerpt":{"rendered":"<p>Raymundo Morales\/Zona Roja. Oaxaca, Oax., a 22 de julio de 2025.- Dos elementos de la&hellip;<\/p>\n","protected":false},"author":2,"featured_media":82689,"comment_status":"closed","ping_status":"open","sticky":false,"template":"","format":"standard","meta":{"_lmt_disableupdate":"","_lmt_disable":"","_jetpack_memberships_contains_paid_content":false,"footnotes":""},"categories":[109,46],"tags":[494],"class_list":["post-82680","post","type-post","status-publish","format-standard","has-post-thumbnail","hentry","category-minuto-a-minuto","category-zona-blanca","tag-fiscalia-general-del-estado-de-oaxaca"],"jetpack_featured_media_url":"https:\/\/zonaroja.com.mx\/wp-content\/uploads\/2025\/07\/b63c5aad-9d64-4b67-8746-89b47731b184-1.jpg","jetpack_sharing_enabled":true,"_links":{"self":[{"href":"https:\/\/zonaroja.com.mx\/index.php?rest_route=\/wp\/v2\/posts\/82680","targetHints":{"allow":["GET"]}}],"collection":[{"href":"https:\/\/zonaroja.com.mx\/index.php?rest_route=\/wp\/v2\/posts"}],"about":[{"href":"https:\/\/zonaroja.com.mx\/index.php?rest_route=\/wp\/v2\/types\/post"}],"author":[{"embeddable":true,"href":"https:\/\/zonaroja.com.mx\/index.php?rest_route=\/wp\/v2\/users\/2"}],"replies":[{"embeddable":true,"href":"https:\/\/zonaroja.com.mx\/index.php?rest_route=%2Fwp%2Fv2%2Fcomments&post=82680"}],"version-history":[{"count":1,"href":"https:\/\/zonaroja.com.mx\/index.php?rest_route=\/wp\/v2\/posts\/82680\/revisions"}],"predecessor-version":[{"id":82682,"href":"https:\/\/zonaroja.com.mx\/index.php?rest_route=\/wp\/v2\/posts\/82680\/revisions\/82682"}],"wp:featuredmedia":[{"embeddable":true,"href":"https:\/\/zonaroja.com.mx\/index.php?rest_route=\/wp\/v2\/media\/82689"}],"wp:attachment":[{"href":"https:\/\/zonaroja.com.mx\/index.php?rest_route=%2Fwp%2Fv2%2Fmedia&parent=82680"}],"wp:term":[{"taxonomy":"category","embeddable":true,"href":"https:\/\/zonaroja.com.mx\/index.php?rest_route=%2Fwp%2Fv2%2Fcategories&post=82680"},{"taxonomy":"post_tag","embeddable":true,"href":"https:\/\/zonaroja.com.mx\/index.php?rest_route=%2Fwp%2Fv2%2Ftags&post=82680"}],"curies":[{"name":"wp","href":"https:\/\/api.w.org\/{rel}","templated":true}]}}