{"id":82683,"date":"2025-07-22T12:19:00","date_gmt":"2025-07-22T18:19:00","guid":{"rendered":"https:\/\/zonaroja.com.mx\/?p=82683"},"modified":"2025-07-22T07:20:18","modified_gmt":"2025-07-22T13:20:18","slug":"opinion-ni-el-pri-hizo-esto","status":"publish","type":"post","link":"https:\/\/zonaroja.com.mx\/?p=82683","title":{"rendered":"Opini\u00f3n. Ni el PRI hizo esto"},"content":{"rendered":"\n<p>N\u00e9stor Y. S\u00e1nchez Islas<\/p>\n\n\n\n<p>El \u201cmovimiento\u201d se ha caracterizado por sus excesos, ahora que tiene el poder no pod\u00eda definirse de otra manera: excesos, ocurrencias y caprichos.<\/p>\n\n\n\n<p>En 2006 bloquearon la avenida Reforma de la Cdmx por capricho del \u00eddolo de barro que, por estos d\u00edas,&nbsp;se desmorona poco a poco&nbsp;ante el c\u00famulo de evidencia de corrupci\u00f3n y alianza con el crimen.&nbsp;<\/p>\n\n\n\n<p>Hoy, la primavera se apodera de otra importante v\u00eda, la calle Reforma de nuestra ciudad capital no solo para darle espacios a sus clientelas electorales, los ambulantes, sino para demostrarnos que ellos tienen en sus manos el poder absoluto y hacen lo que les plazca.<\/p>\n\n\n\n<p>El ayuntamiento no es propietario de la ciudad y su patrimonio, solo son los responsables de administrarla, al menos as\u00ed fue durante muchos a\u00f1os en que hubo cierto grado de respeto por el patrimonio&nbsp;citadino.<\/p>\n\n\n\n<p>La apropiaci\u00f3n y la privatizaci\u00f3n de los espacios p\u00fablicos no solo es un gran negocio. Es sabido que solo una peque\u00f1a parte de lo que pagan los expositores entra a las arcas municipales, pero hay un simbolismo detr\u00e1s de este exceso que no deber\u00edamos ignorar.<\/p>\n\n\n\n<p>El viejo PRI obtuvo su legitimidad al apropiarse de la Revoluci\u00f3n Mexicana, por ello mismo se preocup\u00f3 por construir instituciones y, m\u00e1s o menos, tratar de respetar la ley, al menos de guardar las formas.&nbsp;<\/p>\n\n\n\n<p>Quienes hoy tienen el poder se legitiman sobre un falso discurso redentor y una serie de luchas que nunca han existido con el car\u00e1cter heroico que quieren darle.&nbsp;<\/p>\n\n\n\n<p>El origen de la clase pol\u00edtica que hoy se construye, una nueva burgues\u00eda populista, viene de la agitaci\u00f3n permanente y de saltarse la ley como forma de redenci\u00f3n. Criticaron el militarismo, el autoritarismo y la corrupci\u00f3n, pero lo mismo est\u00e1n haciendo, y mucho peor.<\/p>\n\n\n\n<p>Para muchos de nosotros es un exceso la falta de respeto por la ciudad y su patrimonio con fines puramente mercantiles y pol\u00edticos. Para ellos es el resultado de su lucha.&nbsp;<\/p>\n\n\n\n<p>Dicen estar rompiendo con las viejas estructuras institucionales del neoliberalismo, pero solo nos est\u00e1n dando una profunda muestra de su ignorancia populista, su hambre de dinero y su falta de escr\u00fapulos.<\/p>\n\n\n\n<p>Por casualidad estuve el domingo en la calle de Reforma justo en el momento en que con un montacargas&nbsp;bajaban&nbsp;gran cantidad de estructuras met\u00e1licas de dos enormes tr\u00e1ileres un grupo de personas vestidas con playeras azules y un nutrido grupo de chalecos guindas municipales.&nbsp;<\/p>\n\n\n\n<p>Fui testigo del maltrato a la infraestructura urbana y de los da\u00f1os que provocaron en el arbolado que, finalmente, dejaron dentro de las carpas. Si, todo ello en uno de los costados del mundialmente&nbsp;prestigiado&nbsp;Centro Cultural Santo Domingo, algo que, por supuesto, para ellos no debe significar gran cosa.<\/p>\n\n\n\n<p>Llegar al poder y ejercerlo desde el resentimiento provoca destrucci\u00f3n institucional, pero tambi\u00e9n da\u00f1a todo a su paso: la educaci\u00f3n, el civismo, el arte, la cultura&nbsp;o la propia convivencia. Un resentido solo busca y encuentra oportunidades para da\u00f1ar a los dem\u00e1s y se complace de ello.&nbsp;<\/p>\n\n\n\n<p>En la historia est\u00e1 grabada la respuesta del fil\u00f3sofo Miguel de Unamuno al comandante fascista Jos\u00e9 Mill\u00e1n-Astray&nbsp;que, en una parte&nbsp;de su discurso le dijo que, al ser un tuerto, se complac\u00eda de ver que hab\u00eda otros tuerto y tullidos como \u00e9l. Es lo mismo, el resentido se conforta de ver m\u00e1s resentidos como \u00e9l, pero&nbsp;nuestros resentidos no solo se complacen por ello, tambi\u00e9n lo hacen por tener las arcas del erario a su disposici\u00f3n.<\/p>\n\n\n\n<p>Oaxaca posee el t\u00edtulo de ciudad patrimonio de la humanidad y es evidente que no valoran el que nuestra&nbsp;capital&nbsp;est\u00e9 a la par de la Acr\u00f3polis de Grecia, Roma, Par\u00eds, Estambul, Kioto o Potos\u00ed, Bolivia, por citar algunas. Obtener esa distinci\u00f3n fue obra de grandes hombres, an\u00f3nimos muchos de ellos, de nuestro pasado que construyeron lo que hoy disfrutamos, ll\u00e1mase Monte Alb\u00e1n, Santo Domingo o el estilo colonial se\u00f1orial de la Verde Antequera.<\/p>\n\n\n\n<p>La raz\u00f3n de su insensibilidad no es tan dif\u00edcil&nbsp;de entender. El poder est\u00e1 en manos de la APPO, los mismos que en 2006 no se&nbsp;tentaron&nbsp;el coraz\u00f3n por incendiarla en nombre de una lucha popular que no fue m\u00e1s que para mantener las prebendas para la Secci\u00f3n 22 y&nbsp;para que&nbsp;los l\u00edderes&nbsp;recibieran&nbsp;maletas de efectivo.&nbsp;Hay un video en redes de Enrique Rueda Pacheco, l\u00edder en ese entonces de la Secci\u00f3n 22, recibiendo una maleta llena de&nbsp;dinero.<\/p>\n\n\n\n<p>Los da\u00f1os al patrimonio se acumulan y se suman a, por ejemplo, problemas de gentrificaci\u00f3n, turistificaci\u00f3n y gourmetizaci\u00f3n que no son exclusivos ni de Oaxaca ni de la CDMX, sino son un fen\u00f3meno mundial. Este tema lo abordamos desde hace varios a\u00f1os en este espacio y ninguna autoridad ha querido enfrentarlo. No tardan en haber manifestaciones violentas porque el tema se lo han dejado en las manos a grupos de activistas radicales en lugar de organizaciones de la sociedad civil que act\u00faan civilizadamente y con mayor conocimiento.<\/p>\n\n\n\n<p><a href=\"mailto:nestoryuri@yahoo.com\">nestoryuri@yahoo.com<\/a><\/p>\n","protected":false},"excerpt":{"rendered":"<p>N\u00e9stor Y. S\u00e1nchez Islas El \u201cmovimiento\u201d se ha caracterizado por sus excesos, ahora que tiene&hellip;<\/p>\n","protected":false},"author":2,"featured_media":67897,"comment_status":"closed","ping_status":"open","sticky":false,"template":"","format":"standard","meta":{"_lmt_disableupdate":"","_lmt_disable":"","_jetpack_memberships_contains_paid_content":false,"footnotes":""},"categories":[456,109],"tags":[3050],"class_list":["post-82683","post","type-post","status-publish","format-standard","has-post-thumbnail","hentry","category-columna","category-minuto-a-minuto","tag-nestor-yuri-sanchez"],"jetpack_featured_media_url":"https:\/\/zonaroja.com.mx\/wp-content\/uploads\/2024\/05\/Opinion-Nestor-Yuri-Sanchez.jpeg","jetpack_sharing_enabled":true,"_links":{"self":[{"href":"https:\/\/zonaroja.com.mx\/index.php?rest_route=\/wp\/v2\/posts\/82683","targetHints":{"allow":["GET"]}}],"collection":[{"href":"https:\/\/zonaroja.com.mx\/index.php?rest_route=\/wp\/v2\/posts"}],"about":[{"href":"https:\/\/zonaroja.com.mx\/index.php?rest_route=\/wp\/v2\/types\/post"}],"author":[{"embeddable":true,"href":"https:\/\/zonaroja.com.mx\/index.php?rest_route=\/wp\/v2\/users\/2"}],"replies":[{"embeddable":true,"href":"https:\/\/zonaroja.com.mx\/index.php?rest_route=%2Fwp%2Fv2%2Fcomments&post=82683"}],"version-history":[{"count":1,"href":"https:\/\/zonaroja.com.mx\/index.php?rest_route=\/wp\/v2\/posts\/82683\/revisions"}],"predecessor-version":[{"id":82684,"href":"https:\/\/zonaroja.com.mx\/index.php?rest_route=\/wp\/v2\/posts\/82683\/revisions\/82684"}],"wp:featuredmedia":[{"embeddable":true,"href":"https:\/\/zonaroja.com.mx\/index.php?rest_route=\/wp\/v2\/media\/67897"}],"wp:attachment":[{"href":"https:\/\/zonaroja.com.mx\/index.php?rest_route=%2Fwp%2Fv2%2Fmedia&parent=82683"}],"wp:term":[{"taxonomy":"category","embeddable":true,"href":"https:\/\/zonaroja.com.mx\/index.php?rest_route=%2Fwp%2Fv2%2Fcategories&post=82683"},{"taxonomy":"post_tag","embeddable":true,"href":"https:\/\/zonaroja.com.mx\/index.php?rest_route=%2Fwp%2Fv2%2Ftags&post=82683"}],"curies":[{"name":"wp","href":"https:\/\/api.w.org\/{rel}","templated":true}]}}