{"id":82685,"date":"2025-07-22T13:23:00","date_gmt":"2025-07-22T19:23:00","guid":{"rendered":"https:\/\/zonaroja.com.mx\/?p=82685"},"modified":"2025-07-22T07:24:33","modified_gmt":"2025-07-22T13:24:33","slug":"ex-funcionario-de-adan-augusto-era-tambien-empresario-petrolero","status":"publish","type":"post","link":"https:\/\/zonaroja.com.mx\/?p=82685","title":{"rendered":"Ex funcionario de Ad\u00e1n Augusto era tambi\u00e9n empresario petrolero"},"content":{"rendered":"\n<p>Redacci\u00f3n\/Zona Roja Cdmx.<\/p>\n\n\n\n<p>Ciudad de M\u00e9xico, a 22 de julio de 2025.- Siguen saliendo a la luz documentos que detallan la operaci\u00f3n criminal de \u00abLa Barredora\u00bb, organizaci\u00f3n que presuntamente estuvo bajo el mando de Hern\u00e1n Berm\u00fadez Requena, exsecretario de Seguridad de Tabasco durante el gobierno de Ad\u00e1n Augusto L\u00f3pez.<\/p>\n\n\n\n<p>Mexicanos Contra la Corrupci\u00f3n e Impunidad (MCCI) obtuvo informes militares sobre los planes de la organizaci\u00f3n delictiva para operar en las obras del Tren Maya, una de los trabajos impulsados en el sexenio de Andr\u00e9s Manuel L\u00f3pez Obrador.<\/p>\n\n\n\n<p>En los reportes citados, se explica c\u00f3mo \u201cLa Barredora\u201d busc\u00f3 hacer negocio con el huachicol en la megaobra, con algunas estrategias como suministrar 180 mil litros semanales de combustible robado para los trabajos de construcci\u00f3n.<\/p>\n\n\n\n<p>MCCI encontr\u00f3 que en las diligencias se se\u00f1ala a Berm\u00fadez Requena como la cabeza de la red criminal que trat\u00f3 de hacer negocios en el Tren Maya.<\/p>\n\n\n\n<p>La investigaci\u00f3n indica que un informe del Centro Regional de Fusi\u00f3n de Inteligencia (Cerfi) Sureste registr\u00f3 conversaciones interceptadas a miembros de la c\u00e9lula delictiva.<\/p>\n\n\n\n<p>En una de esas comunicaciones obtenidas, se menciona el papel del operador financiero del grupo criminal.<\/p>\n\n\n\n<p>\u201cEn una conversaci\u00f3n, un hombre identificado como Gabriel ofrece al operador financiero el di\u00e9sel extra\u00eddo del puerto de Dos Bocas \u2018a 16.50 pesos por litro, sin factura\u2019. En otra comunicaci\u00f3n interceptada, el mismo operador informa que \u2018ten\u00eda 300 ferrotanques de di\u00e9sel USLD a 14.50 pesos por litro, que lo est\u00e1n vendiendo por parte del SAT, pero deb\u00edan pagar el 25 por ciento\u201d.<\/p>\n\n\n\n<p>Asimismo, MCCI refiri\u00f3 otro documento en el que se describe c\u00f3mo \u2018La Barredora\u2019 hizo negociaciones para vender, al menos, 30 mil litros de combustible de procedencia il\u00edcita a una empresa proveedora del Tren Maya.<\/p>\n\n\n\n<p>Seg\u00fan la investigaci\u00f3n, el v\u00ednculo entre el exsecretario de Seguridad de Ad\u00e1n Augusto con el Tren Maya ser\u00eda su sobrino, Ra\u00fal Berm\u00fadez Arreola, pues fue coordinador de la construcci\u00f3n del tramo 5 del Tren Maya.<\/p>\n\n\n\n<p>No obstante, en diciembre de 2021, fue destituido por corrupci\u00f3n, debido al esc\u00e1ndalo que provoc\u00f3 el caso de la \u201cCasa Presidencial\u201d, una lujosa propiedad que alquilaba Berm\u00fadez Arreola en plataformas como Airbnb, con un costo de hasta 10 mil 176 pesos por noche.<\/p>\n\n\n\n<p>Es importante destacar que esta residencia fue construida en el sexenio de Felipe Calder\u00f3n y pas\u00f3 a manos del patrimonio del Fonatur.<\/p>\n\n\n\n<p>Hace una semana, Mexicanos Contra la Corrupci\u00f3n public\u00f3 un trabajo period\u00edstico en el que se habla de las actividades il\u00edcitas de \u2018La Barredora\u2019 en el puerto de Dos Bocas, lugar donde se construy\u00f3 la refiner\u00eda Olmeca.<\/p>\n\n\n\n<p>La publicaci\u00f3n detalla que en 2021, se mencion\u00f3 a dos miembros del grupo delictivo como sujetos involucrados en el trasiego y comercializaci\u00f3n de combustible il\u00edcito de barcos a pipas en Dos Bocas.<\/p>\n\n\n\n<p>Ahora, con esta nueva informaci\u00f3n, se da a conocer que la operaci\u00f3n del grupo criminal comandado por Berm\u00fadez Requena lleg\u00f3 hasta el Tren Maya. Las conexiones de la asociaci\u00f3n delictiva con los proyectos de Andr\u00e9s Manuel L\u00f3pez Obrador contin\u00faan haciendo ruido en el nuevo esc\u00e1ndalo que rodea a la 4T.<\/p>\n\n\n\n<p>(Informaci\u00f3n de Pol\u00edtico.Mx)<\/p>\n","protected":false},"excerpt":{"rendered":"<p>Redacci\u00f3n\/Zona Roja Cdmx. Ciudad de M\u00e9xico, a 22 de julio de 2025.- Siguen saliendo a&hellip;<\/p>\n","protected":false},"author":2,"featured_media":82372,"comment_status":"closed","ping_status":"open","sticky":false,"template":"","format":"standard","meta":{"_lmt_disableupdate":"","_lmt_disable":"","_jetpack_memberships_contains_paid_content":false,"footnotes":""},"categories":[109,47],"tags":[4357],"class_list":["post-82685","post","type-post","status-publish","format-standard","has-post-thumbnail","hentry","category-minuto-a-minuto","category-zona-gris","tag-hernan-bermudez-requena"],"jetpack_featured_media_url":"https:\/\/zonaroja.com.mx\/wp-content\/uploads\/2025\/07\/Adan-Augusto-Lopez-y-su-secretario-de-Seguridad.jpeg","jetpack_sharing_enabled":true,"_links":{"self":[{"href":"https:\/\/zonaroja.com.mx\/index.php?rest_route=\/wp\/v2\/posts\/82685","targetHints":{"allow":["GET"]}}],"collection":[{"href":"https:\/\/zonaroja.com.mx\/index.php?rest_route=\/wp\/v2\/posts"}],"about":[{"href":"https:\/\/zonaroja.com.mx\/index.php?rest_route=\/wp\/v2\/types\/post"}],"author":[{"embeddable":true,"href":"https:\/\/zonaroja.com.mx\/index.php?rest_route=\/wp\/v2\/users\/2"}],"replies":[{"embeddable":true,"href":"https:\/\/zonaroja.com.mx\/index.php?rest_route=%2Fwp%2Fv2%2Fcomments&post=82685"}],"version-history":[{"count":1,"href":"https:\/\/zonaroja.com.mx\/index.php?rest_route=\/wp\/v2\/posts\/82685\/revisions"}],"predecessor-version":[{"id":82686,"href":"https:\/\/zonaroja.com.mx\/index.php?rest_route=\/wp\/v2\/posts\/82685\/revisions\/82686"}],"wp:featuredmedia":[{"embeddable":true,"href":"https:\/\/zonaroja.com.mx\/index.php?rest_route=\/wp\/v2\/media\/82372"}],"wp:attachment":[{"href":"https:\/\/zonaroja.com.mx\/index.php?rest_route=%2Fwp%2Fv2%2Fmedia&parent=82685"}],"wp:term":[{"taxonomy":"category","embeddable":true,"href":"https:\/\/zonaroja.com.mx\/index.php?rest_route=%2Fwp%2Fv2%2Fcategories&post=82685"},{"taxonomy":"post_tag","embeddable":true,"href":"https:\/\/zonaroja.com.mx\/index.php?rest_route=%2Fwp%2Fv2%2Ftags&post=82685"}],"curies":[{"name":"wp","href":"https:\/\/api.w.org\/{rel}","templated":true}]}}