{"id":82690,"date":"2025-07-22T17:42:47","date_gmt":"2025-07-22T23:42:47","guid":{"rendered":"https:\/\/zonaroja.com.mx\/?p=82690"},"modified":"2025-07-22T17:42:49","modified_gmt":"2025-07-22T23:42:49","slug":"imparable-juchitan-dos-asesinatos-hoy-entre-ellos-el-de-una-mujer","status":"publish","type":"post","link":"https:\/\/zonaroja.com.mx\/?p=82690","title":{"rendered":"Imparable Juchit\u00e1n: dos asesinatos hoy, entre ellos el de una mujer"},"content":{"rendered":"\n<p>Raymundo Morales\/Zona Roja.<\/p>\n\n\n\n<p>Oaxaca, Oax., a 22 de julio de 2025.- Ante la indolencia municipal, la ola criminal crece en Juchit\u00e1n de Zaragoza y este martes asesinaron a dos personas, entre ellas una mujer.<\/p>\n\n\n\n<p>En pleno centro de dicha ciudad istme\u00f1a y sin la presencia policiaca, una femenina fue asesinada a balazos, en la calle Jos\u00e9 F. G\u00f3mez, esquina con Roque Robles.<\/p>\n\n\n\n<p>La v\u00edctima fue identificada como Mayela L. B., de aproximadamente 37 a\u00f1os de edad, y era trabajadora de un paradero de mototaxis.<\/p>\n\n\n\n<p>No hay hasta el momento ninguna pista del o de los agresores y la Vicefiscal\u00eda Regional del Istmo contin\u00faa con las indagatorias correspondientes.<\/p>\n\n\n\n<p>UN VAR\u00d3N<\/p>\n\n\n\n<p>Pocas horas despu\u00e9s de este crimen, un mototaxista fue acribillado a balazos cuando transitaba en la carretera que comunica a Juchit\u00e1n con El Espinal, a la altura de un encierro de autobuses.<\/p>\n\n\n\n<p>El hoy occiso respondi\u00f3 en vida al nombre de Herm\u00e1n S. T., quien conduc\u00eda la unidad de motor con n\u00famero MT-0065 del sitio \u201c11 de Enero\u201d y aun no hay pistas de los delincuentes.<\/p>\n\n\n\n<p>Cabe mencionar que justo el martes de hace ocho d\u00edas, en la misma zona otro mototaxista fue ejecutado a bordo de su unidad de motor.<\/p>\n","protected":false},"excerpt":{"rendered":"<p>Raymundo Morales\/Zona Roja. Oaxaca, Oax., a 22 de julio de 2025.- Ante la indolencia municipal,&hellip;<\/p>\n","protected":false},"author":2,"featured_media":82691,"comment_status":"closed","ping_status":"open","sticky":false,"template":"","format":"standard","meta":{"_lmt_disableupdate":"","_lmt_disable":"","_jetpack_memberships_contains_paid_content":false,"footnotes":""},"categories":[109,51],"tags":[543],"class_list":["post-82690","post","type-post","status-publish","format-standard","has-post-thumbnail","hentry","category-minuto-a-minuto","category-zona-roja","tag-feminicidio-en-juchitan"],"jetpack_featured_media_url":"https:\/\/zonaroja.com.mx\/wp-content\/uploads\/2025\/07\/Mujer-asesinada-en-Juchitan.jpg","jetpack_sharing_enabled":true,"_links":{"self":[{"href":"https:\/\/zonaroja.com.mx\/index.php?rest_route=\/wp\/v2\/posts\/82690","targetHints":{"allow":["GET"]}}],"collection":[{"href":"https:\/\/zonaroja.com.mx\/index.php?rest_route=\/wp\/v2\/posts"}],"about":[{"href":"https:\/\/zonaroja.com.mx\/index.php?rest_route=\/wp\/v2\/types\/post"}],"author":[{"embeddable":true,"href":"https:\/\/zonaroja.com.mx\/index.php?rest_route=\/wp\/v2\/users\/2"}],"replies":[{"embeddable":true,"href":"https:\/\/zonaroja.com.mx\/index.php?rest_route=%2Fwp%2Fv2%2Fcomments&post=82690"}],"version-history":[{"count":1,"href":"https:\/\/zonaroja.com.mx\/index.php?rest_route=\/wp\/v2\/posts\/82690\/revisions"}],"predecessor-version":[{"id":82692,"href":"https:\/\/zonaroja.com.mx\/index.php?rest_route=\/wp\/v2\/posts\/82690\/revisions\/82692"}],"wp:featuredmedia":[{"embeddable":true,"href":"https:\/\/zonaroja.com.mx\/index.php?rest_route=\/wp\/v2\/media\/82691"}],"wp:attachment":[{"href":"https:\/\/zonaroja.com.mx\/index.php?rest_route=%2Fwp%2Fv2%2Fmedia&parent=82690"}],"wp:term":[{"taxonomy":"category","embeddable":true,"href":"https:\/\/zonaroja.com.mx\/index.php?rest_route=%2Fwp%2Fv2%2Fcategories&post=82690"},{"taxonomy":"post_tag","embeddable":true,"href":"https:\/\/zonaroja.com.mx\/index.php?rest_route=%2Fwp%2Fv2%2Ftags&post=82690"}],"curies":[{"name":"wp","href":"https:\/\/api.w.org\/{rel}","templated":true}]}}