{"id":82697,"date":"2025-07-22T19:18:00","date_gmt":"2025-07-23T01:18:00","guid":{"rendered":"https:\/\/zonaroja.com.mx\/?p=82697"},"modified":"2025-07-22T20:31:53","modified_gmt":"2025-07-23T02:31:53","slug":"ex-priista-confronta-a-priista-y-defiende-a-morenistas","status":"publish","type":"post","link":"https:\/\/zonaroja.com.mx\/?p=82697","title":{"rendered":"Ex priista confronta a priista\u2026 y defiende a morenistas"},"content":{"rendered":"\n<p>Lisbeth Mej\u00eda Reyes\/Zona Roja.<\/p>\n\n\n\n<p>Oaxaca, Oax., a 22 de julio de 2025.- \u201c\u00a1Esta propuesta viene de la s\u00faper Secretar\u00eda General de Gobierno municipal!\u00bb.&nbsp;<\/p>\n\n\n\n<p>Desde el sal\u00f3n Porfirio D\u00edaz Mori, el regidor Mart\u00edn V\u00e1zquez Villanueva se\u00f1alaba a sus espaldas, a la oficina aludida.&nbsp;<\/p>\n\n\n\n<p>Acusaba tambi\u00e9n al concejal Jes\u00fas Quevedo por considerarse 100 por ciento jarista, \u00abnoejarista\u00bb, y de decir que el punto de acuerdo sobre los comit\u00e9s de vida vecinal eran una propuesta del \u00abs\u00faper secretario\u201d.<\/p>\n\n\n\n<p>Los se\u00f1alamientos eran del PRI hacia Morena, pero la oposici\u00f3n del municipio de Oaxaca de Ju\u00e1rez se gener\u00f3 entre la misma oposici\u00f3n: Mart\u00edn V\u00e1zquez Villanueva (del Partido Revolucionario Institucional) y H\u00e9ctor Pablo Ram\u00edrez Puga (ex pri\u00edsta y ahora de Movimiento Ciudadano).&nbsp;<\/p>\n\n\n\n<p>Por aproximadamente una hora, la propuesta del nuevo Reglamento de Participaci\u00f3n Vecinal los hizo enfrascarse en la discusi\u00f3n en la que solamente, y casi al final, participaron dos regidores del partido en el poder.&nbsp;<\/p>\n\n\n\n<p>Con la Constituci\u00f3n en la mano, Mart\u00edn argumentaba que se votar\u00eda algo ajeno al Cabildo, desconocido para la sociedad y que contraven\u00eda la Constituci\u00f3n, la Ley Org\u00e1nica Municipal y otros reglamentos.<\/p>\n\n\n\n<p>\u00abYo quisiera que aqu\u00ed se hiciera el debate, no en lo oscurito\u00bb\u2013 dec\u00eda el tambi\u00e9n ex candidato a la presidencia municipal de Oaxaca.<\/p>\n\n\n\n<p>\u00abNo es una propuesta que venga del secretario o de una secretar\u00eda o de una persona en especial\u00bb.&nbsp;<\/p>\n\n\n\n<p>As\u00ed le respond\u00eda H\u00e9ctor Pablo, quien sal\u00eda en defensa de la Comisi\u00f3n de gobierno de territorio y se\u00f1alaba que la propuesta hab\u00eda surgido de \u00e9l, de su cuestionamiento sobre los alcances y perpetuidad de algunos comit\u00e9s.<\/p>\n\n\n\n<p>No se cambia en lo sustancial la figura de los comit\u00e9s de vida vecinal (Comvives), seg\u00fan H\u00e9ctor Pablo, quien tambi\u00e9n respond\u00eda que no se viola ninguna disposici\u00f3n. Pero que \u00abes una falta de respeto no reconocer el trabajo de los compa\u00f1eros\u00bb.<\/p>\n\n\n\n<p>Mart\u00edn parec\u00eda haber olvidado sus se\u00f1alamientos iniciales y volv\u00eda a increpar a H\u00e9ctor Pablo porque con la propuesta se estaba diciendo que los 250 comit\u00e9s han fallado.<\/p>\n\n\n\n<p>\u00ab\u00a1No se est\u00e1 diciendo que fallaron!\u00bb\u2013respond\u00eda el ex pri\u00edsta al exigir respecto a su trabajo y al deslindarse de Morena.&nbsp;<\/p>\n\n\n\n<p>Aunque m\u00e1s tarde tambi\u00e9n sal\u00eda en defensa del presidente municipal, Raymundo Chagoya Villanueva, ante la protesta de Hilda Toledo, activista por los derechos de los animales.<\/p>\n\n\n\n<p>El regidor Alejandro Carre\u00f1o y la concejal Alma Itzel Garc\u00eda finalmente sal\u00edan en defensa de su bancada para mediar la situaci\u00f3n en torno al reglamento.<\/p>\n\n\n\n<p>Aunque tras una hora de discusi\u00f3n el punto de acuerdo se somet\u00eda a votaci\u00f3n y era aprobado por mayor\u00eda.&nbsp;<\/p>\n\n\n\n<p>El \u00fanico voto en contra era el de Mart\u00edn V\u00e1squez, quien al salir de la sesi\u00f3n se confront\u00f3 con el secretario de Gobierno, No\u00e9 Jara.<\/p>\n","protected":false},"excerpt":{"rendered":"<p>Lisbeth Mej\u00eda Reyes\/Zona Roja. Oaxaca, Oax., a 22 de julio de 2025.- \u201c\u00a1Esta propuesta viene&hellip;<\/p>\n","protected":false},"author":2,"featured_media":82694,"comment_status":"closed","ping_status":"open","sticky":false,"template":"","format":"standard","meta":{"_lmt_disableupdate":"","_lmt_disable":"","_jetpack_memberships_contains_paid_content":false,"footnotes":""},"categories":[109,46],"tags":[148],"class_list":["post-82697","post","type-post","status-publish","format-standard","has-post-thumbnail","hentry","category-minuto-a-minuto","category-zona-blanca","tag-oaxaca-de-juarez"],"jetpack_featured_media_url":"https:\/\/zonaroja.com.mx\/wp-content\/uploads\/2025\/07\/Sesion-Cabildo-Martin-Vasquez-y-Hector-Pablo.jpg","jetpack_sharing_enabled":true,"_links":{"self":[{"href":"https:\/\/zonaroja.com.mx\/index.php?rest_route=\/wp\/v2\/posts\/82697","targetHints":{"allow":["GET"]}}],"collection":[{"href":"https:\/\/zonaroja.com.mx\/index.php?rest_route=\/wp\/v2\/posts"}],"about":[{"href":"https:\/\/zonaroja.com.mx\/index.php?rest_route=\/wp\/v2\/types\/post"}],"author":[{"embeddable":true,"href":"https:\/\/zonaroja.com.mx\/index.php?rest_route=\/wp\/v2\/users\/2"}],"replies":[{"embeddable":true,"href":"https:\/\/zonaroja.com.mx\/index.php?rest_route=%2Fwp%2Fv2%2Fcomments&post=82697"}],"version-history":[{"count":2,"href":"https:\/\/zonaroja.com.mx\/index.php?rest_route=\/wp\/v2\/posts\/82697\/revisions"}],"predecessor-version":[{"id":82699,"href":"https:\/\/zonaroja.com.mx\/index.php?rest_route=\/wp\/v2\/posts\/82697\/revisions\/82699"}],"wp:featuredmedia":[{"embeddable":true,"href":"https:\/\/zonaroja.com.mx\/index.php?rest_route=\/wp\/v2\/media\/82694"}],"wp:attachment":[{"href":"https:\/\/zonaroja.com.mx\/index.php?rest_route=%2Fwp%2Fv2%2Fmedia&parent=82697"}],"wp:term":[{"taxonomy":"category","embeddable":true,"href":"https:\/\/zonaroja.com.mx\/index.php?rest_route=%2Fwp%2Fv2%2Fcategories&post=82697"},{"taxonomy":"post_tag","embeddable":true,"href":"https:\/\/zonaroja.com.mx\/index.php?rest_route=%2Fwp%2Fv2%2Ftags&post=82697"}],"curies":[{"name":"wp","href":"https:\/\/api.w.org\/{rel}","templated":true}]}}