{"id":82700,"date":"2025-07-22T21:21:07","date_gmt":"2025-07-23T03:21:07","guid":{"rendered":"https:\/\/zonaroja.com.mx\/?p=82700"},"modified":"2025-07-22T21:21:09","modified_gmt":"2025-07-23T03:21:09","slug":"insiste-el-frente-no-a-la-mineria-en-cancelacion-de-concesiones-en-oaxaca","status":"publish","type":"post","link":"https:\/\/zonaroja.com.mx\/?p=82700","title":{"rendered":"Insiste el Frente no a la Miner\u00eda en cancelaci\u00f3n de concesiones en Oaxaca"},"content":{"rendered":"\n<p>Lisbeth Mej\u00eda Reyes\/Zona Roja.<\/p>\n\n\n\n<p>Oaxaca, Oax., a 22 de julio de 2025.- Integrantes del Frente no a la Miner\u00eda se manifestaron este martes en la ciudad de Oaxaca para exigir al gobierno federal la cancelaci\u00f3n de todas las concesiones mineras otorgadas en la regi\u00f3n Valles Centrales de Oaxaca y que se respeten la autonom\u00eda y territorio de las comunidades. Adem\u00e1s de que se dise\u00f1e un plan de cierre definitivo del proyecto \u201cSan Jos\u00e9\u201d y la reparaci\u00f3n del da\u00f1o causado por la minera.<\/p>\n\n\n\n<p>Con una marcha que parti\u00f3 del Paseo Ju\u00e1rez, \u201cEl Llano\u201d, las organizaciones y activistas tambi\u00e9n exigieron al Juzgado Primero de Distrito del Estado de Oaxaca \u00abque resuelva conforme a derecho los amparos promovidos por nuestras comunidades en diciembre de 2023\u00bb.<\/p>\n\n\n\n<p>La demanda de justicia por los asesinatos de los defensores del territorio Bernardo M\u00e9ndez y Bernardo V\u00e1zquez, ocurridos en enero y marzo de 2012, fueron parte de los motivos de esta protesta realizada en el D\u00eda Estatal de Rebeld\u00eda contra la Miner\u00eda, que se conmemora cada 22 de julio desde el 2016.<\/p>\n\n\n\n<p>La movilizaci\u00f3n, que concluy\u00f3 con una protesta frente al Palacio de Gobierno, tambi\u00e9n se dio a tres meses de que la empresa Fortuna Mining Corp inform\u00f3 que vendi\u00f3 el 100 por ciento de su participaci\u00f3n en la Compa\u00f1\u00eda Minera Cuzcatl\u00e1n S.A. de C.V., ubicada en San Jos\u00e9 del Progreso, Valles Centrales de Oaxaca, a la compa\u00f1\u00eda peruana JRC Ingenier\u00eda y Construcci\u00f3n S.A.C. (\u201cJRC\u201d).<\/p>\n\n\n\n<p>En su pronunciamiento, el Frente no a la Miner\u00eda reiter\u00f3 su \u00ababsoluto rechazo a la imposici\u00f3n de proyectos mineros en el estado de Oaxaca\u00bb y record\u00f3 que durante m\u00e1s de 15 a\u00f1os ha defendido, cuidado y protegido los territorios de las comunidades originarias que se han unido en esta lucha, tanto para declarar lan prohibici\u00f3n de la miner\u00eda como para crear redes de \u00absolidaridad con comunidades hermanas que enfrentan megaproyectos en Oaxaca: Magdalena Teitipac, San Pedro Quiatoni, Capul\u00e1lpam de M\u00e9ndez, Santa Mar\u00eda Chimalapas, as\u00ed como pueblos del Istmo, la Sierra Sur y la Mixteca\u00bb.<\/p>\n\n\n\n<p>Sin embargo, se\u00f1al\u00f3 que frente a \u00abesta defensa leg\u00edtima y pac\u00edfica, los gobiernos federal y estatal han respondido con omisi\u00f3n, silencio y complicidad\u00bb y que han favorecido a las empresas mineras, \u00abignorando las m\u00faltiples denuncias que hemos hecho sobre los da\u00f1os provocados por el proyecto \u201cSan Jos\u00e9\u201d, operado por la empresa JRC Ingenier\u00eda y Construcci\u00f3n S.A.C., y autorizando nuevas concesiones sin nuestro consentimiento\u00bb.<\/p>\n","protected":false},"excerpt":{"rendered":"<p>Lisbeth Mej\u00eda Reyes\/Zona Roja. Oaxaca, Oax., a 22 de julio de 2025.- Integrantes del Frente&hellip;<\/p>\n","protected":false},"author":2,"featured_media":82701,"comment_status":"closed","ping_status":"open","sticky":false,"template":"","format":"standard","meta":{"_lmt_disableupdate":"","_lmt_disable":"","_jetpack_memberships_contains_paid_content":false,"footnotes":""},"categories":[109,46],"tags":[],"class_list":["post-82700","post","type-post","status-publish","format-standard","has-post-thumbnail","hentry","category-minuto-a-minuto","category-zona-blanca"],"jetpack_featured_media_url":"https:\/\/zonaroja.com.mx\/wp-content\/uploads\/2025\/07\/Frente-No-a-la-Mineria-Oaxaca.jpg","jetpack_sharing_enabled":true,"_links":{"self":[{"href":"https:\/\/zonaroja.com.mx\/index.php?rest_route=\/wp\/v2\/posts\/82700","targetHints":{"allow":["GET"]}}],"collection":[{"href":"https:\/\/zonaroja.com.mx\/index.php?rest_route=\/wp\/v2\/posts"}],"about":[{"href":"https:\/\/zonaroja.com.mx\/index.php?rest_route=\/wp\/v2\/types\/post"}],"author":[{"embeddable":true,"href":"https:\/\/zonaroja.com.mx\/index.php?rest_route=\/wp\/v2\/users\/2"}],"replies":[{"embeddable":true,"href":"https:\/\/zonaroja.com.mx\/index.php?rest_route=%2Fwp%2Fv2%2Fcomments&post=82700"}],"version-history":[{"count":1,"href":"https:\/\/zonaroja.com.mx\/index.php?rest_route=\/wp\/v2\/posts\/82700\/revisions"}],"predecessor-version":[{"id":82702,"href":"https:\/\/zonaroja.com.mx\/index.php?rest_route=\/wp\/v2\/posts\/82700\/revisions\/82702"}],"wp:featuredmedia":[{"embeddable":true,"href":"https:\/\/zonaroja.com.mx\/index.php?rest_route=\/wp\/v2\/media\/82701"}],"wp:attachment":[{"href":"https:\/\/zonaroja.com.mx\/index.php?rest_route=%2Fwp%2Fv2%2Fmedia&parent=82700"}],"wp:term":[{"taxonomy":"category","embeddable":true,"href":"https:\/\/zonaroja.com.mx\/index.php?rest_route=%2Fwp%2Fv2%2Fcategories&post=82700"},{"taxonomy":"post_tag","embeddable":true,"href":"https:\/\/zonaroja.com.mx\/index.php?rest_route=%2Fwp%2Fv2%2Ftags&post=82700"}],"curies":[{"name":"wp","href":"https:\/\/api.w.org\/{rel}","templated":true}]}}