{"id":82703,"date":"2025-07-22T21:56:14","date_gmt":"2025-07-23T03:56:14","guid":{"rendered":"https:\/\/zonaroja.com.mx\/?p=82703"},"modified":"2025-07-22T21:56:16","modified_gmt":"2025-07-23T03:56:16","slug":"delegacion-migrante-lleva-su-musica-al-congreso-del-estado","status":"publish","type":"post","link":"https:\/\/zonaroja.com.mx\/?p=82703","title":{"rendered":"Delegaci\u00f3n Migrante lleva su m\u00fasica al Congreso del Estado"},"content":{"rendered":"\n<p>Redacci\u00f3n\/Zona Roja.<\/p>\n\n\n\n<p>Oaxaca, Oax., a 22 de julio de 2025.- El Congreso del Estado abri\u00f3 sus puertas por primera vez a las y los m\u00fasicos que integran la agrupaci\u00f3n Delegaci\u00f3n Migrante, la cual est\u00e1 conformada por 45 j\u00f3venes nacidos en Los \u00c1ngeles, California, Estados Unidos, hijas e hijos de padres y madres migrantes originarios de la Sierra Ju\u00e1rez, quienes mantienen vivo el v\u00ednculo con sus ra\u00edces.<\/p>\n\n\n\n<p>Esta iniciativa fue del diputado que preside la Comisi\u00f3n Permanente de Migraci\u00f3n y Asuntos Internacionales, Zeferino Garc\u00eda Jer\u00f3nimo, quien en el marco de la celebraci\u00f3n de la Guelaguetza, solicit\u00f3 al gobierno estatal la participaci\u00f3n de esta banda de m\u00fasica de viento en el Desfile de Delegaciones y en los actos previos a la presentaci\u00f3n del Primer Lunes del Cerro, porque a pesar de la distancia, preservan y difunden la cultura que sus ancestros les heredaron.<\/p>\n\n\n\n<p>En este sentido, y un d\u00eda despu\u00e9s de su participaci\u00f3n en la m\u00e1xima fiesta de las y los oaxaque\u00f1os acudieron al recinto legislativo, en donde realizaron un recorrido por las instalaciones para conocer el funcionamiento de cada \u00e1rea y adem\u00e1s deleitaron al personal que labora en el Congreso y p\u00fablico en general con la interpretaci\u00f3n de diversas melod\u00edas, como \u201cEl Dios Nunca Muere\u201d, del m\u00fasico y compositor Macedonio Alcal\u00e1.<\/p>\n\n\n\n<p>AEl presidente de la Junta de Coordinaci\u00f3n Pol\u00edtica (Jucopo), diputado Benjam\u00edn Viveros Montalvo, expres\u00f3 su orgullo por recibir a hijas e hijos de migrantes, quienes, con su talento, llevan la esencia de Oaxaca m\u00e1s all\u00e1 de las fronteras. \u201cGracias por estar aqu\u00ed y ser parte de la identidad oaxaque\u00f1a. Los puentes entre nuestro estado y Estados Unidos no est\u00e1n hechos de concreto, sino de corazones\u201d, subray\u00f3.<\/p>\n\n\n\n<p>Reconoci\u00f3 que esta experiencia es fruto del esfuerzo incansable de madres y padres que deben sentirse profundamente orgullosos de ver representadas sus ra\u00edces en el extranjero, pues son, quienes encarnan una identidad que perdura, que llevan con dignidad, \u201cque vibra en cada nota, se escucha en sus voces y se manifiesta en la danza. Gracias por llevar a Oaxaca en el coraz\u00f3n y mostrarle al mundo el orgullo de ser migrante sin renunciar a sus or\u00edgenes\u201d, dijo.<\/p>\n\n\n\n<p>La banda Delegaci\u00f3n Migrante est\u00e1 integrada por juventudes de escuelas de m\u00fasica como San Francisco Caminos, la academia Maqueos Music, Lico Music y las bandas de Santiago Zoochila, San Jer\u00f3nimo Zoochina, San Melchor Betaza y San Baltazar Yatzachi El Bajo. La direcci\u00f3n est\u00e1 bajo la batuta de Johnny Miguel, Jessica Hern\u00e1ndez y Ra\u00fal Lico.<\/p>\n\n\n\n<p>RECONOCIMIENTO A CHIMALHUAC\u00c1N<\/p>\n\n\n\n<p>Por otra parte, el Congreso del Estado a trav\u00e9s de la Junta de Coordinaci\u00f3n Pol\u00edtica (Jucopo) entreg\u00f3 reconocimientos a quienes han contribuido en mantener viva la celebraci\u00f3n de la Guelaguetza, en el municipio de Chimalhuac\u00e1n, Estado de M\u00e9xico.<\/p>\n\n\n\n<p>La Guelaguetza Oaxaque\u00f1a que distingue al estado m\u00e1s all\u00e1 de sus fronteras, es una festividad que tiene 30 a\u00f1os de realizarse en dicha ciudad, con la cual se busca promover la cultura y la identidad oaxaque\u00f1a.<\/p>\n\n\n\n<p>Quienes fueron acreedores de este galard\u00f3n son la presidenta municipal de Chimalhuac\u00e1n, X\u00f3chitl Flores Jim\u00e9nez; el fundador de la Guelaguetza, Miguel Benito P\u00e9rez y el Honorable Ayuntamiento.<\/p>\n\n\n\n<p>Al encabezar esta Ceremonia Parlamentaria, el presidente de la Jucopo, diputado Benjam\u00edn Viveros Montalvo, reconoci\u00f3 a quienes han preservado, impulsado y dignificado esta manifestaci\u00f3n cultural, que enaltece la ra\u00edz de los pueblos, el alma colectiva de Oaxaca e identidad del M\u00e9xico profundo.<\/p>\n\n\n\n<p>Mencion\u00f3 que el fundador de esta celebraci\u00f3n tuvo la visi\u00f3n de sembrar una semilla de fraternidad entre los pueblos, donde la chilenas, las danzas de la pluma y los sones istme\u00f1os encontraron tierra f\u00e9rtil para florecer lejos de su origen, pero cerca del coraz\u00f3n de todas y de todos.<\/p>\n","protected":false},"excerpt":{"rendered":"<p>Redacci\u00f3n\/Zona Roja. Oaxaca, Oax., a 22 de julio de 2025.- El Congreso del Estado abri\u00f3&hellip;<\/p>\n","protected":false},"author":2,"featured_media":82704,"comment_status":"closed","ping_status":"open","sticky":false,"template":"","format":"standard","meta":{"_lmt_disableupdate":"","_lmt_disable":"","_jetpack_memberships_contains_paid_content":false,"footnotes":""},"categories":[109,46],"tags":[303],"class_list":["post-82703","post","type-post","status-publish","format-standard","has-post-thumbnail","hentry","category-minuto-a-minuto","category-zona-blanca","tag-congreso-del-estado-de-oaxaca"],"jetpack_featured_media_url":"https:\/\/zonaroja.com.mx\/wp-content\/uploads\/2025\/07\/Delegacion-Migrante_Congreso-Oax-7.jpeg","jetpack_sharing_enabled":true,"_links":{"self":[{"href":"https:\/\/zonaroja.com.mx\/index.php?rest_route=\/wp\/v2\/posts\/82703","targetHints":{"allow":["GET"]}}],"collection":[{"href":"https:\/\/zonaroja.com.mx\/index.php?rest_route=\/wp\/v2\/posts"}],"about":[{"href":"https:\/\/zonaroja.com.mx\/index.php?rest_route=\/wp\/v2\/types\/post"}],"author":[{"embeddable":true,"href":"https:\/\/zonaroja.com.mx\/index.php?rest_route=\/wp\/v2\/users\/2"}],"replies":[{"embeddable":true,"href":"https:\/\/zonaroja.com.mx\/index.php?rest_route=%2Fwp%2Fv2%2Fcomments&post=82703"}],"version-history":[{"count":1,"href":"https:\/\/zonaroja.com.mx\/index.php?rest_route=\/wp\/v2\/posts\/82703\/revisions"}],"predecessor-version":[{"id":82705,"href":"https:\/\/zonaroja.com.mx\/index.php?rest_route=\/wp\/v2\/posts\/82703\/revisions\/82705"}],"wp:featuredmedia":[{"embeddable":true,"href":"https:\/\/zonaroja.com.mx\/index.php?rest_route=\/wp\/v2\/media\/82704"}],"wp:attachment":[{"href":"https:\/\/zonaroja.com.mx\/index.php?rest_route=%2Fwp%2Fv2%2Fmedia&parent=82703"}],"wp:term":[{"taxonomy":"category","embeddable":true,"href":"https:\/\/zonaroja.com.mx\/index.php?rest_route=%2Fwp%2Fv2%2Fcategories&post=82703"},{"taxonomy":"post_tag","embeddable":true,"href":"https:\/\/zonaroja.com.mx\/index.php?rest_route=%2Fwp%2Fv2%2Ftags&post=82703"}],"curies":[{"name":"wp","href":"https:\/\/api.w.org\/{rel}","templated":true}]}}