{"id":82717,"date":"2025-07-23T08:15:00","date_gmt":"2025-07-23T14:15:00","guid":{"rendered":"https:\/\/zonaroja.com.mx\/?p=82717"},"modified":"2025-07-23T14:46:01","modified_gmt":"2025-07-23T20:46:01","slug":"resucitan-proyecto-de-parquimetros-para-la-capital-oaxaquena","status":"publish","type":"post","link":"https:\/\/zonaroja.com.mx\/?p=82717","title":{"rendered":"Resucitan proyecto de parqu\u00edmetros para la capital oaxaque\u00f1a"},"content":{"rendered":"\n<p>Lisbeth Mej\u00eda Reyes\/Zona Roja.<\/p>\n\n\n\n<p>Oaxaca, Oax., a 23 de julio de 2025.- A casi 20 a\u00f1os de que fueron destruidos por el magisterio durante sus protestas del 2006, el ayuntamiento de Oaxaca de Ju\u00e1rez analiza nuevamente implementar los parqu\u00edmetros en el centro de la ciudad y la colonia Reforma.&nbsp;<\/p>\n\n\n\n<p>El proyecto, que tambi\u00e9n se abord\u00f3 sin \u00e9xito en la administraci\u00f3n 2019-2021 con el entonces edil Oswaldo Garc\u00eda Jarqu\u00edn, fue citado este martes por el presidente municipal, Raymundo Chagoya Villanueva.<\/p>\n\n\n\n<p>\u00abNos gustar\u00eda mucho avanzar con el tema de parqu\u00edmetros, es algo a lo que tenemos que ponerle mucho m\u00e1s atenci\u00f3n\u00bb, extern\u00f3 el concejal durante su conferencia semanal de este martes, en la que neg\u00f3 que se trate de un asunto de recaudaci\u00f3n sino de orden vial.<\/p>\n\n\n\n<p>Los parqu\u00edmetros son un cobro que ya se contempla en la Ley de Ingresos 2025 del municipio de Oaxaca de Ju\u00e1rez y por el que se estima que la cuota sea de 0.046 UMA por hora o fracci\u00f3n (5.20 pesos seg\u00fan el valor actual de la Unidad de Medida de Actualizaci\u00f3n, UMA).&nbsp;<\/p>\n\n\n\n<p>Aunque en enero el edil neg\u00f3 que fuera una prioridad de su administraci\u00f3n, al menos en los primeros 100 d\u00edas de gobierno.<\/p>\n\n\n\n<p>Este martes, a m\u00e1s de 200 d\u00edas de gesti\u00f3n, Chagoya Villanueva se refiri\u00f3 al proyecto como uno que tiene que implementarse para el reordenamiento vial de la ciudad.<\/p>\n\n\n\n<p>\u00abHay que empezar a implementar los parqu\u00edmetros en donde ya tenemos la costumbre de estacionarnos y que no debemos estacionarnos, como es justamente al lado de Constituci\u00f3n, o en vialidades de la zona norte, que son 100 por ciento comerciales\u00bb, por ejemplo, la calle de Violetas y la calzada Porfirio D\u00edaz, explic\u00f3.<\/p>\n\n\n\n<p>Para el proyecto, del que a\u00fan no hay fecha de arranque donde pruebas, el concejal detall\u00f3 que se han observadon los modelo de Puebla y la Ciudad de M\u00e9xico, pero que tendr\u00e1 que pasar por la aprobaci\u00f3n del cabildo. Seg\u00fan Chagoya Villanueva, se prev\u00e9 empezar como un programa piloto.<\/p>\n","protected":false},"excerpt":{"rendered":"<p>Lisbeth Mej\u00eda Reyes\/Zona Roja. Oaxaca, Oax., a 23 de julio de 2025.- A casi 20&hellip;<\/p>\n","protected":false},"author":2,"featured_media":82718,"comment_status":"closed","ping_status":"open","sticky":false,"template":"","format":"standard","meta":{"_lmt_disableupdate":"","_lmt_disable":"","_jetpack_memberships_contains_paid_content":false,"footnotes":""},"categories":[109,46],"tags":[4142],"class_list":["post-82717","post","type-post","status-publish","format-standard","has-post-thumbnail","hentry","category-minuto-a-minuto","category-zona-blanca","tag-raymundo-chagoya"],"jetpack_featured_media_url":"https:\/\/zonaroja.com.mx\/wp-content\/uploads\/2025\/07\/Ray-Chagoya-conferencia.jpeg","jetpack_sharing_enabled":true,"_links":{"self":[{"href":"https:\/\/zonaroja.com.mx\/index.php?rest_route=\/wp\/v2\/posts\/82717","targetHints":{"allow":["GET"]}}],"collection":[{"href":"https:\/\/zonaroja.com.mx\/index.php?rest_route=\/wp\/v2\/posts"}],"about":[{"href":"https:\/\/zonaroja.com.mx\/index.php?rest_route=\/wp\/v2\/types\/post"}],"author":[{"embeddable":true,"href":"https:\/\/zonaroja.com.mx\/index.php?rest_route=\/wp\/v2\/users\/2"}],"replies":[{"embeddable":true,"href":"https:\/\/zonaroja.com.mx\/index.php?rest_route=%2Fwp%2Fv2%2Fcomments&post=82717"}],"version-history":[{"count":2,"href":"https:\/\/zonaroja.com.mx\/index.php?rest_route=\/wp\/v2\/posts\/82717\/revisions"}],"predecessor-version":[{"id":82732,"href":"https:\/\/zonaroja.com.mx\/index.php?rest_route=\/wp\/v2\/posts\/82717\/revisions\/82732"}],"wp:featuredmedia":[{"embeddable":true,"href":"https:\/\/zonaroja.com.mx\/index.php?rest_route=\/wp\/v2\/media\/82718"}],"wp:attachment":[{"href":"https:\/\/zonaroja.com.mx\/index.php?rest_route=%2Fwp%2Fv2%2Fmedia&parent=82717"}],"wp:term":[{"taxonomy":"category","embeddable":true,"href":"https:\/\/zonaroja.com.mx\/index.php?rest_route=%2Fwp%2Fv2%2Fcategories&post=82717"},{"taxonomy":"post_tag","embeddable":true,"href":"https:\/\/zonaroja.com.mx\/index.php?rest_route=%2Fwp%2Fv2%2Ftags&post=82717"}],"curies":[{"name":"wp","href":"https:\/\/api.w.org\/{rel}","templated":true}]}}