{"id":82722,"date":"2025-07-23T10:17:00","date_gmt":"2025-07-23T16:17:00","guid":{"rendered":"https:\/\/zonaroja.com.mx\/?p=82722"},"modified":"2025-07-23T07:18:42","modified_gmt":"2025-07-23T13:18:42","slug":"exigen-al-estado-oaxaqueno-cumplir-con-resolucion-del-comite-contra-tortura-de-la-onu","status":"publish","type":"post","link":"https:\/\/zonaroja.com.mx\/?p=82722","title":{"rendered":"Exigen al Estado oaxaque\u00f1o cumplir con resoluci\u00f3n del Comit\u00e9 contra Tortura de la ONU"},"content":{"rendered":"\n<p>Raymundo Morales\/Zona Roja.<\/p>\n\n\n\n<p>Oaxaca, Oax., a 23 de julio de 2025.- Tras la aprehensi\u00f3n de dos elementos de la polic\u00eda municipal de la Heroica Ciudad de Tlaxiaco acusados de tortura, familiares de la v\u00edctima demandaron al gobierno de Oaxaca el cumplimiento de la resoluci\u00f3n del Comit\u00e9 Contra la Tortura de la ONU y de la recomendaci\u00f3n 3\/2025 de la Defensor\u00eda de Derechos Humanos del Pueblo de Oaxaca.<\/p>\n\n\n\n<p>Asimismo, que se vincule a proceso a los Jorge H. S. o Jorge S. H y Melquiades A. S., en la causa penal 121\/2025, &nbsp;y se ejecuten las siete \u00f3rdenes de aprehensi\u00f3n que se encuentran pendientes, as\u00ed como se contin\u00fae la investigaci\u00f3n a la cadena de mando de los responsables del delito tortura al que fuera sometido \u00c1ngel Daniel Bautista V\u00e1squez.<\/p>\n\n\n\n<p>En un comunicado, Daniel Bautista Barrios, padre del joven \u00c1ngel Daniel, y Maurilio Santiago Reyes, presidente delCentro de Derechos Humanos y Asesor\u00eda a Pueblos Ind\u00edgenas A.C. (Cedhapi), exigieron justicia plena y reparaci\u00f3n de da\u00f1os.<\/p>\n\n\n\n<p>El 18 de julio del 2025, La Fiscal\u00eda General del Estado de Oaxaca ejecut\u00f3 una orden de aprehensi\u00f3n en contra de dos polic\u00edas municipales de Tlaxiaco, Jorge H. S. o Jorge S. H. y Melquiades A. S. por el delito de Tortura cometido en contra de \u00c1ngel Daniel Bautista V\u00e1squez hechos ocurridos en el a\u00f1o 2020.<\/p>\n\n\n\n<p>La audiencia de imputaci\u00f3n dio inicio el d\u00eda s\u00e1bado 19 de julio del 2025 y el pr\u00f3ximo jueves 24 de julio del 2025, el Juez de Control resolver\u00e1 la situaci\u00f3n jur\u00eddica de los polic\u00edas municipales, quienes se encuentran en prisi\u00f3n preventiva.&nbsp;<\/p>\n\n\n\n<p>\u201cEn esta tesitura, las ordenes de aprensi\u00f3n y el cumplimiento de las mismas fueron posibles por el dictamen CAT\/C\/82\/D\/1102\/2021 emitido por el Comit\u00e9 Contra la Tortura de la ONU, decisi\u00f3n adoptada por el Comit\u00e9 con fecha 11 de abril del 2025, notificado al Estado Mexicano con fecha 7 de mayo del 2025 y por la Recomendaci\u00f3n n\u00famero 3\/2025 emitida por la Defensor\u00eda&nbsp; de&nbsp; los Derechos Humanos del Pueblo de Oaxaca,&nbsp;de fecha 25 de marzo del 2025, remitida a las autoridades responsables.<\/p>\n\n\n\n<p>\u201cAmbas resoluciones coinciden que se debe de investigar, judicializar y enjuiciar a todos los posibles responsables de los hechos de Tortura que sufri\u00f3 \u00c1ngel Daniel Bautista V\u00e1squez y efectuar una reparaci\u00f3n integral del da\u00f1o; as\u00ed como la obligatoriedad del Estado para adoptar medidas necesarias de garant\u00edas de no repetici\u00f3n y prevenir cualquier amenaza o acto de violencia a los que podr\u00edan verse expuestos la v\u00edctima y sus &nbsp;familiares; As\u00ed tambi\u00e9n, una disculpa p\u00fablica que tendr\u00e1 que ser efectuada por representantes del Estado mexicano\u201d, destaca el comunicado.<\/p>\n\n\n\n<p>Fue el s\u00e1bado 21 de marzo del 2020, aproximadamente a las 21:45 horas cuando el joven \u00c1ngel Daniel llegaba al domicilio de sus pap\u00e1s ubicado en el barrio San Nicol\u00e1s, rumbo a la carretera a San Juan Mixtepec en una calle que entronca a la carretera que va a ca\u00f1ada Alejandro, Tlaxiaco.<\/p>\n\n\n\n<p>En el momento en que descend\u00eda de un autom\u00f3vil &nbsp;en la puerta de la casa de sus padres, fue agredido por elementos de la polic\u00eda municipal de la Heroica Ciudad de Tlaxiaco, Oaxaca quienes iban a bordo de una patrulla, \u201csometi\u00e9ndolo con uso excesivo de la fuerza y efectu\u00e1ndole varios disparos de arma de fuego, lesion\u00e1ndolo con una bala en la pierna izquierda, dej\u00e1ndolo inm\u00f3vil y sangrando, para inmediatamente abalanzarse sobre \u00e9l para &nbsp;esposarlo y llevarlo a un terreno bald\u00edo en donde lo torturaron ocasion\u00e1ndole fracturas y lesiones en ambas piernas\u201d.&nbsp;<\/p>\n\n\n\n<p>El organismo expone que estos hechos sucedieron en la administraci\u00f3n del presidente municipal Gaudencio Ortiz Cruz, del partido Morena, y que, durante su mandato en Tlaxiaco, fueron cometidas m\u00faltiples violaciones a derechos humanos hacia la ciudadan\u00eda, en su mayor\u00eda personas de comunidades ind\u00edgenas.<\/p>\n\n\n\n<p>Refiere que la resoluci\u00f3n emitida por el Comit\u00e9 Contra la Tortura es la primera emitida contra autoridades del estado de Oaxaca y que en &nbsp;el caso de \u00c1ngel Daniel Bautista V\u00e1zquez no es el \u00fanico, pues existen m\u00faltiples casos donde impera la impunidad&nbsp; de los \u00f3rdenes de investigaci\u00f3n y procuraci\u00f3n de justicia para las v\u00edctimas de tortura, ya que hasta la fecha se tienen registradas del a\u00f1o 2011 al 2025, 921 carpetas de investigaci\u00f3n con 1237 v\u00edctimas, sin que hasta la fecha exista una sola sentencia por el delito de tortura, a pesar de la creaci\u00f3n de la Unidad Especial de Investigaci\u00f3n de Delitos de Tortura de la Fiscal\u00eda General del Estado de Oaxaca en el a\u00f1o 2017.<\/p>\n","protected":false},"excerpt":{"rendered":"<p>Raymundo Morales\/Zona Roja. Oaxaca, Oax., a 23 de julio de 2025.- Tras la aprehensi\u00f3n de&hellip;<\/p>\n","protected":false},"author":2,"featured_media":82723,"comment_status":"closed","ping_status":"open","sticky":false,"template":"","format":"standard","meta":{"_lmt_disableupdate":"","_lmt_disable":"","_jetpack_memberships_contains_paid_content":false,"footnotes":""},"categories":[109,46],"tags":[818],"class_list":["post-82722","post","type-post","status-publish","format-standard","has-post-thumbnail","hentry","category-minuto-a-minuto","category-zona-blanca","tag-centro-de-derechos-humanos-y-asesoria-a-pueblos-indigenas-cedhapi"],"jetpack_featured_media_url":"https:\/\/zonaroja.com.mx\/wp-content\/uploads\/2025\/07\/Policia-municipal-Tlaxiaco-1.jpg","jetpack_sharing_enabled":true,"_links":{"self":[{"href":"https:\/\/zonaroja.com.mx\/index.php?rest_route=\/wp\/v2\/posts\/82722","targetHints":{"allow":["GET"]}}],"collection":[{"href":"https:\/\/zonaroja.com.mx\/index.php?rest_route=\/wp\/v2\/posts"}],"about":[{"href":"https:\/\/zonaroja.com.mx\/index.php?rest_route=\/wp\/v2\/types\/post"}],"author":[{"embeddable":true,"href":"https:\/\/zonaroja.com.mx\/index.php?rest_route=\/wp\/v2\/users\/2"}],"replies":[{"embeddable":true,"href":"https:\/\/zonaroja.com.mx\/index.php?rest_route=%2Fwp%2Fv2%2Fcomments&post=82722"}],"version-history":[{"count":1,"href":"https:\/\/zonaroja.com.mx\/index.php?rest_route=\/wp\/v2\/posts\/82722\/revisions"}],"predecessor-version":[{"id":82724,"href":"https:\/\/zonaroja.com.mx\/index.php?rest_route=\/wp\/v2\/posts\/82722\/revisions\/82724"}],"wp:featuredmedia":[{"embeddable":true,"href":"https:\/\/zonaroja.com.mx\/index.php?rest_route=\/wp\/v2\/media\/82723"}],"wp:attachment":[{"href":"https:\/\/zonaroja.com.mx\/index.php?rest_route=%2Fwp%2Fv2%2Fmedia&parent=82722"}],"wp:term":[{"taxonomy":"category","embeddable":true,"href":"https:\/\/zonaroja.com.mx\/index.php?rest_route=%2Fwp%2Fv2%2Fcategories&post=82722"},{"taxonomy":"post_tag","embeddable":true,"href":"https:\/\/zonaroja.com.mx\/index.php?rest_route=%2Fwp%2Fv2%2Ftags&post=82722"}],"curies":[{"name":"wp","href":"https:\/\/api.w.org\/{rel}","templated":true}]}}