{"id":82727,"date":"2025-07-23T11:26:00","date_gmt":"2025-07-23T17:26:00","guid":{"rendered":"https:\/\/zonaroja.com.mx\/?p=82727"},"modified":"2025-07-23T07:27:54","modified_gmt":"2025-07-23T13:27:54","slug":"la-austeridad-en-la-4t-aptan-a-monreal-en-lujoso-hotel-en-madrid","status":"publish","type":"post","link":"https:\/\/zonaroja.com.mx\/?p=82727","title":{"rendered":"La austeridad en la 4T: aptan a Monreal en lujoso hotel en Madrid"},"content":{"rendered":"\n<p>Redacci\u00f3n\/Zona Roja.<\/p>\n\n\n\n<p>Oaxaca, Oax., a 23 de julio de 2025.- Estalla otro esc\u00e1ndalo dentro de la 4T, que ha acumulado pol\u00e9micas en los \u00faltimos d\u00edas protagonizadas por algunas de sus figuras.<\/p>\n\n\n\n<p>Despu\u00e9s de que el coordinador de los diputados de Morena, Ricardo Monreal, asegur\u00f3 en un comunicado que se hab\u00eda ausentado del Consejo Nacional del partido por un \u201ccompromiso familiar\u201d y no por encontrarse en un lujoso hotel de Madrid, ha salido a la luz evidencia que demuestra lo contrario.<\/p>\n\n\n\n<p>El diario \u201cReforma\u201d filtr\u00f3 una fotograf\u00eda en el que se ve al pol\u00edtico veterano en el restaurante \u201cFlor y Nata\u201d del hotel Rosewood Villa Magna; Monreal fue captado portando unos lentes de sol, aparentemente para evitar ser identificado.<\/p>\n\n\n\n<p>En redes sociales, el legislador neg\u00f3 que se haya hospedado en el hotel, aunque reconoci\u00f3 que desayun\u00f3 en el restaurante del lugar.<\/p>\n\n\n\n<p>\u201cAparece en un diario nacional de M\u00e9xico una foto nuestra de mi esposa y m\u00eda y un pie de p\u00e1gina que hace aparecer como que estamos hospedados en un hotel de Madrid, lo que no resulta cierto\u201d, dijo a trav\u00e9s de un video.<\/p>\n\n\n\n<p>No obstante, reconoci\u00f3: \u201cEstuvimos all\u00ed desayunando dos d\u00edas en Madrid porque mi esposa y yo planeamos estos d\u00edas de descanso y de vacaciones durante unos d\u00edas, no solo porque ten\u00edamos varios a\u00f1os sin salir, sino porque cumplimos 40 a\u00f1os de casados\u201d.<\/p>\n\n\n\n<p>Finalmente, asegur\u00f3 que utiliz\u00f3 dinero propio para su viaje y que no emple\u00f3 recursos p\u00fablicos.<\/p>\n\n\n\n<p>\u00bfCU\u00c1NTO CUESTA?<\/p>\n\n\n\n<p>En el men\u00fa, hay platillos que tienen un costo desde los 22 euros (479 pesos) hasta los 45 euros (980 pesos).<\/p>\n\n\n\n<p>Adem\u00e1s, en la carta se ofrece una selecci\u00f3n de vinos que van desde los 14 euros (305 pesos) hasta los 22 euros (479 pesos) por copeo.<\/p>\n\n\n\n<p>Aunque el coordinador de Morena en la C\u00e1mara de Diputados se\u00f1al\u00f3 que no se hosped\u00f3 en el hotel, por una noche en una habitaci\u00f3n deluxe se tiene un costo de 920 euros, esto es, 20 mil 056 pesos.<\/p>\n\n\n\n<p>Existe una tarifa especial para alojarse en una de estas habitaciones de 782 euros, que son 17 mil 048 pesos.<\/p>\n\n\n\n<p>Una noche en una suite del lujoso hotel Rosewood Villa Magna cuesta 4 mil 460 euros, es decir, 97 mil 231 pesos; de igual manera, hay una tarifa preferencial con un valor de 3 mil 791 euros, que convertidos a moneda nacional, son 86 mil 571 pesos.<\/p>\n\n\n\n<p>El periodista Claudio Ochoa comparti\u00f3 que Monreal \u00c1vila se hab\u00eda dado cita en el mencionado hotel para un supuesto festejo del diputado morenista Pedro Haces, quien es uno de los amigos del zacatecano.<\/p>\n\n\n\n<p>\u201cAyer hubo fiesta en Madrid para festejar a Pedro Haces. Ricardo Monreal encabez\u00f3 la lista de pol\u00edticos. Se hosped\u00f3 en el hotel Villa Magna, que ronda en 750 euros la noche\u201d, public\u00f3 en su cuenta de X.<\/p>\n\n\n\n<p>Sobre esta revelaci\u00f3n del diario \u201cReforma\u201d, Claudio Ochoa asegur\u00f3 que saldr\u00e1n m\u00e1s nombres de personajes importantes que estuvieron presentes en la fiesta de Haces.<\/p>\n\n\n\n<p>(Informaci\u00f3n de \u201cPol\u00edtico.Mx\u201d)<\/p>\n","protected":false},"excerpt":{"rendered":"<p>Redacci\u00f3n\/Zona Roja. Oaxaca, Oax., a 23 de julio de 2025.- Estalla otro esc\u00e1ndalo dentro de&hellip;<\/p>\n","protected":false},"author":2,"featured_media":82728,"comment_status":"closed","ping_status":"open","sticky":false,"template":"","format":"standard","meta":{"_lmt_disableupdate":"","_lmt_disable":"","_jetpack_memberships_contains_paid_content":false,"footnotes":""},"categories":[109,47],"tags":[583],"class_list":["post-82727","post","type-post","status-publish","format-standard","has-post-thumbnail","hentry","category-minuto-a-minuto","category-zona-gris","tag-ricardo-monreal"],"jetpack_featured_media_url":"https:\/\/zonaroja.com.mx\/wp-content\/uploads\/2025\/07\/Ricardo-Monreal-en-Espana.jpg.avif","jetpack_sharing_enabled":true,"_links":{"self":[{"href":"https:\/\/zonaroja.com.mx\/index.php?rest_route=\/wp\/v2\/posts\/82727","targetHints":{"allow":["GET"]}}],"collection":[{"href":"https:\/\/zonaroja.com.mx\/index.php?rest_route=\/wp\/v2\/posts"}],"about":[{"href":"https:\/\/zonaroja.com.mx\/index.php?rest_route=\/wp\/v2\/types\/post"}],"author":[{"embeddable":true,"href":"https:\/\/zonaroja.com.mx\/index.php?rest_route=\/wp\/v2\/users\/2"}],"replies":[{"embeddable":true,"href":"https:\/\/zonaroja.com.mx\/index.php?rest_route=%2Fwp%2Fv2%2Fcomments&post=82727"}],"version-history":[{"count":1,"href":"https:\/\/zonaroja.com.mx\/index.php?rest_route=\/wp\/v2\/posts\/82727\/revisions"}],"predecessor-version":[{"id":82729,"href":"https:\/\/zonaroja.com.mx\/index.php?rest_route=\/wp\/v2\/posts\/82727\/revisions\/82729"}],"wp:featuredmedia":[{"embeddable":true,"href":"https:\/\/zonaroja.com.mx\/index.php?rest_route=\/wp\/v2\/media\/82728"}],"wp:attachment":[{"href":"https:\/\/zonaroja.com.mx\/index.php?rest_route=%2Fwp%2Fv2%2Fmedia&parent=82727"}],"wp:term":[{"taxonomy":"category","embeddable":true,"href":"https:\/\/zonaroja.com.mx\/index.php?rest_route=%2Fwp%2Fv2%2Fcategories&post=82727"},{"taxonomy":"post_tag","embeddable":true,"href":"https:\/\/zonaroja.com.mx\/index.php?rest_route=%2Fwp%2Fv2%2Ftags&post=82727"}],"curies":[{"name":"wp","href":"https:\/\/api.w.org\/{rel}","templated":true}]}}