{"id":82734,"date":"2025-07-23T14:53:35","date_gmt":"2025-07-23T20:53:35","guid":{"rendered":"https:\/\/zonaroja.com.mx\/?p=82734"},"modified":"2025-07-23T14:53:35","modified_gmt":"2025-07-23T20:53:35","slug":"con-demandas-de-justicia-el-congreso-de-oaxaca-desaparece-poderes-de-san-mateos-pinas","status":"publish","type":"post","link":"https:\/\/zonaroja.com.mx\/?p=82734","title":{"rendered":"Con demandas de justicia, el Congreso de Oaxaca desaparece poderes de San Mateos Pi\u00f1as"},"content":{"rendered":"\n<p>Lisbeth Mej\u00eda Reyes\/Zona Roja.&nbsp;<\/p>\n\n\n\n<p>Oaxaca, Oax., a 23 de julio de 2025.- A casi 40 d\u00edas de asesinato violento de la presidenta Lilia Gema Garc\u00eda Soto, el Congreso del Estado de Oaxaca aprob\u00f3 este 23 de julio la desaparici\u00f3n del ayuntamiento de San Mateo Pi\u00f1as del periodo 2023-2025.&nbsp;<\/p>\n\n\n\n<p>En sesi\u00f3n extraordinaria, la 66 Legislatura aval\u00f3 por unanimidad, 33 votos a favor y ninguno en contra, el dictamen de la Comisi\u00f3n Permanente de Asuntos Agrarios.&nbsp;<\/p>\n\n\n\n<p>En el documento se expone que la petici\u00f3n de desaparici\u00f3n del ayuntamiento fue hecha por la asamblea del pueblo, a trav\u00e9s de los ciudadanos Regino Garc\u00eda Garc\u00eda y Alejandro Garc\u00eda Silva, y que el s\u00edndico y los otros cinco regidores renunciaron previamente a sus cargos por su seguridad y la de sus familias.<\/p>\n\n\n\n<p>Aunque no se cit\u00f3 en la sesi\u00f3n, el dictamen tambi\u00e9n refiere que la asamblea solicit\u00f3 la designaci\u00f3n de una persona como administradora municipal.<\/p>\n\n\n\n<p>Durante la discusi\u00f3n del dictamen, al menos seis legisladores se mostraron preocupados por el temor de los dem\u00e1s integrantes del Cabildo que los llev\u00f3 a renunciar a sus cargos, tambi\u00e9n lamentaron el asesinato de la primera presidenta de San Mateo y se pronunciaron porque la Fiscal\u00eda General del Estado agilice las investigaciones por este crimen.<\/p>\n\n\n\n<p>Garc\u00eda Soto fue atacada el pasado 15 de junio por un comando armado de cinco personas que irrumpi\u00f3 en el palacio municipal.&nbsp;<\/p>\n\n\n\n<p>Los m\u00e1s de 60 disparos con armas de grueso calibre acabaron con su vida y la del agente de Agua Caliente, Gregorio Garc\u00eda Ruiz.<\/p>\n\n\n\n<p>Al exigir justicia por Lilia y otras mujeres v\u00edctimas de violencia, la organizaci\u00f3n Consorcio y el Grupo de Estudios sobre la Mujer Rosario Castellanos (GES Mujer) coinciden en que las mujeres en el poder enfrentan graves riesgos que han escalado hasta la muerte.<\/p>\n\n\n\n<p>Hasta el momento no hay ninguna persona detenida por el asesinato de la edil Lilia Gema, aunque el fiscal general, Bernardo Rodr\u00edguez Alamilla, ha se\u00f1alado que hay al menos cinco l\u00edneas de investigaci\u00f3n, entre estas la denuncia de la concejal por el presunto desv\u00edo de 25 millones de pesos por parte del ex edil Tom\u00e1s Victorio Garc\u00eda Garc\u00eda, recursos que eran para atender afectaciones del hurac\u00e1n \u00c1gatha.<\/p>\n\n\n\n<p>Otra de las l\u00edneas de investigaci\u00f3n tiene que ver con las denuncia de la presidenta ante la Fiscal\u00eda General del Estado: una por el robo de 132 mil pesos a la tesorer\u00eda municipal y que servir\u00eda para pagar una obra.<\/p>\n\n\n\n<p>Otra por falsificaci\u00f3n de su firma y uso de documentos falsos, cometidos en 2024. Una l\u00ednea m\u00e1s es por el pago de cuota por el tr\u00e1nsito de madera en la regi\u00f3n y la quinta es por un tema pol\u00edtico \u2013 social por la disputa del municipio y que es un problema que data desde la administraci\u00f3n anterior.<\/p>\n\n\n\n<p>Adem\u00e1s de estas denuncias, Lilia Gema tambi\u00e9n expuso la contaminaci\u00f3n del r\u00edo \u201cSan Crist\u00f3bal\u201d, que afecta a la poblaci\u00f3n de poco m\u00e1s de dos mil habitantes de San Mateo Pi\u00f1as.<\/p>\n\n\n\n<p>Con el asesinato de Garc\u00eda Soto, son dos presidentes municipales de Oaxaca los ultimados en lo que va del 2025. Antes de ella fue asesinado el 15 de mayo el edil de Santiago Amoltepec, Mario Hern\u00e1ndez Garc\u00eda, cuyo dictamen para aprobar su reemplazo&nbsp;qued\u00f3 pendiente para otra sesi\u00f3n.&nbsp;<\/p>\n","protected":false},"excerpt":{"rendered":"<p>Lisbeth Mej\u00eda Reyes\/Zona Roja.&nbsp; Oaxaca, Oax., a 23 de julio de 2025.- A casi 40&hellip;<\/p>\n","protected":false},"author":2,"featured_media":82733,"comment_status":"closed","ping_status":"open","sticky":false,"template":"","format":"standard","meta":{"_lmt_disableupdate":"","_lmt_disable":"","_jetpack_memberships_contains_paid_content":false,"footnotes":""},"categories":[109,47],"tags":[],"class_list":["post-82734","post","type-post","status-publish","format-standard","has-post-thumbnail","hentry","category-minuto-a-minuto","category-zona-gris"],"jetpack_featured_media_url":"https:\/\/zonaroja.com.mx\/wp-content\/uploads\/2025\/07\/b9b18a04-bf09-4420-a6bb-7a13a4bddd77-1.jpg","jetpack_sharing_enabled":true,"_links":{"self":[{"href":"https:\/\/zonaroja.com.mx\/index.php?rest_route=\/wp\/v2\/posts\/82734","targetHints":{"allow":["GET"]}}],"collection":[{"href":"https:\/\/zonaroja.com.mx\/index.php?rest_route=\/wp\/v2\/posts"}],"about":[{"href":"https:\/\/zonaroja.com.mx\/index.php?rest_route=\/wp\/v2\/types\/post"}],"author":[{"embeddable":true,"href":"https:\/\/zonaroja.com.mx\/index.php?rest_route=\/wp\/v2\/users\/2"}],"replies":[{"embeddable":true,"href":"https:\/\/zonaroja.com.mx\/index.php?rest_route=%2Fwp%2Fv2%2Fcomments&post=82734"}],"version-history":[{"count":1,"href":"https:\/\/zonaroja.com.mx\/index.php?rest_route=\/wp\/v2\/posts\/82734\/revisions"}],"predecessor-version":[{"id":82735,"href":"https:\/\/zonaroja.com.mx\/index.php?rest_route=\/wp\/v2\/posts\/82734\/revisions\/82735"}],"wp:featuredmedia":[{"embeddable":true,"href":"https:\/\/zonaroja.com.mx\/index.php?rest_route=\/wp\/v2\/media\/82733"}],"wp:attachment":[{"href":"https:\/\/zonaroja.com.mx\/index.php?rest_route=%2Fwp%2Fv2%2Fmedia&parent=82734"}],"wp:term":[{"taxonomy":"category","embeddable":true,"href":"https:\/\/zonaroja.com.mx\/index.php?rest_route=%2Fwp%2Fv2%2Fcategories&post=82734"},{"taxonomy":"post_tag","embeddable":true,"href":"https:\/\/zonaroja.com.mx\/index.php?rest_route=%2Fwp%2Fv2%2Ftags&post=82734"}],"curies":[{"name":"wp","href":"https:\/\/api.w.org\/{rel}","templated":true}]}}