{"id":82739,"date":"2025-07-23T20:50:13","date_gmt":"2025-07-24T02:50:13","guid":{"rendered":"https:\/\/zonaroja.com.mx\/?p=82739"},"modified":"2025-07-23T20:50:15","modified_gmt":"2025-07-24T02:50:15","slug":"registra-oaxaca-cuatro-asaltos-violentos-en-24-horas","status":"publish","type":"post","link":"https:\/\/zonaroja.com.mx\/?p=82739","title":{"rendered":"Registra Oaxaca cuatro asaltos violentos en 24 horas"},"content":{"rendered":"\n<p>Raymundo Morales\/Zona Roja.<\/p>\n\n\n\n<p>Oaxaca, Oax., a 23 de julio de 2025.- En un lapso de 24 horas, en el estado de Oaxaca se han registrado al menos cuatro asaltos violentos, dos de ellos en la regi\u00f3n del Istmo, uno en la Cuenca y otro en Valles Centrales.<\/p>\n\n\n\n<p>Alrededor de las 15:00 horas, ocurri\u00f3 un asalto a un cuentahabiente en la calle Huerto Platanares y Huerto Las Flores, fraccionamiento Trinidad de las Huertas de la ciudad de Oaxaca.<\/p>\n\n\n\n<p>El bot\u00edn fue de alrededor de 60 mil pesos que despojaron con violencia a una persona de la tercera edad; un elemento de la Polic\u00eda Auxiliar, Bancaria, Industrial y Comercial (PABIC) que se hallaba en la zona intent\u00f3 intervenir, pero recibi\u00f3 un roz\u00f3n de bala en la cabeza, por lo cual fue trasladado a un hospital; hasta el momento no hay personas detenidas.<\/p>\n\n\n\n<p>En la colonia Las Limas de San Juan Bautista Tuxtepec, una mujer fue asaltada con violencia por parte de un sujeto que la amag\u00f3 con un cuchillo y le quit\u00f3 todas sus pertenencias.<\/p>\n\n\n\n<p>Pese a los gritos de auxilio, no lleg\u00f3 ning\u00fan polic\u00eda municipal en la zona y el presunto delincuente logr\u00f3 escapar sin contratiempos.<\/p>\n\n\n\n<p>En Santo Domingo Tehuantepec, sujetos con ropa de una tienda nacional, arribaron a un domicilio y con enga\u00f1os ingresaron al hogar, para asaltar de manera violenta a una ama de casa ubicada en San Isidro Pishishi.<\/p>\n\n\n\n<p>Luego de apropiarse de varios objetos de valor, se retiraron de la zona sin que fueran molestados por ning\u00fan polic\u00eda.<\/p>\n\n\n\n<p>Mientras que anoche, un mototaxista fue agredido a balazos en la Novena Secci\u00f3n y tras escapar, logr\u00f3 llegar hasta la calle 16 de Septiembre, donde ante la tardanza de param\u00e9dicos, se traslad\u00f3 por sus medios a un hospital.<\/p>\n","protected":false},"excerpt":{"rendered":"<p>Raymundo Morales\/Zona Roja. Oaxaca, Oax., a 23 de julio de 2025.- En un lapso de&hellip;<\/p>\n","protected":false},"author":2,"featured_media":82740,"comment_status":"closed","ping_status":"open","sticky":false,"template":"","format":"standard","meta":{"_lmt_disableupdate":"","_lmt_disable":"","_jetpack_memberships_contains_paid_content":false,"footnotes":""},"categories":[109,47],"tags":[],"class_list":["post-82739","post","type-post","status-publish","format-standard","has-post-thumbnail","hentry","category-minuto-a-minuto","category-zona-gris"],"jetpack_featured_media_url":"https:\/\/zonaroja.com.mx\/wp-content\/uploads\/2025\/07\/Asalto-Trinidad-de-las-Huertas-ciudad-de-Oaxaca.jpeg","jetpack_sharing_enabled":true,"_links":{"self":[{"href":"https:\/\/zonaroja.com.mx\/index.php?rest_route=\/wp\/v2\/posts\/82739","targetHints":{"allow":["GET"]}}],"collection":[{"href":"https:\/\/zonaroja.com.mx\/index.php?rest_route=\/wp\/v2\/posts"}],"about":[{"href":"https:\/\/zonaroja.com.mx\/index.php?rest_route=\/wp\/v2\/types\/post"}],"author":[{"embeddable":true,"href":"https:\/\/zonaroja.com.mx\/index.php?rest_route=\/wp\/v2\/users\/2"}],"replies":[{"embeddable":true,"href":"https:\/\/zonaroja.com.mx\/index.php?rest_route=%2Fwp%2Fv2%2Fcomments&post=82739"}],"version-history":[{"count":1,"href":"https:\/\/zonaroja.com.mx\/index.php?rest_route=\/wp\/v2\/posts\/82739\/revisions"}],"predecessor-version":[{"id":82741,"href":"https:\/\/zonaroja.com.mx\/index.php?rest_route=\/wp\/v2\/posts\/82739\/revisions\/82741"}],"wp:featuredmedia":[{"embeddable":true,"href":"https:\/\/zonaroja.com.mx\/index.php?rest_route=\/wp\/v2\/media\/82740"}],"wp:attachment":[{"href":"https:\/\/zonaroja.com.mx\/index.php?rest_route=%2Fwp%2Fv2%2Fmedia&parent=82739"}],"wp:term":[{"taxonomy":"category","embeddable":true,"href":"https:\/\/zonaroja.com.mx\/index.php?rest_route=%2Fwp%2Fv2%2Fcategories&post=82739"},{"taxonomy":"post_tag","embeddable":true,"href":"https:\/\/zonaroja.com.mx\/index.php?rest_route=%2Fwp%2Fv2%2Ftags&post=82739"}],"curies":[{"name":"wp","href":"https:\/\/api.w.org\/{rel}","templated":true}]}}