{"id":82743,"date":"2025-07-24T07:15:00","date_gmt":"2025-07-24T13:15:00","guid":{"rendered":"https:\/\/zonaroja.com.mx\/?p=82743"},"modified":"2025-07-24T06:54:42","modified_gmt":"2025-07-24T12:54:42","slug":"matan-a-tres-persona-en-la-costa-entre-ellas-una-mujer","status":"publish","type":"post","link":"https:\/\/zonaroja.com.mx\/?p=82743","title":{"rendered":"Matan a tres persona en la Costa, entre ellas una mujer"},"content":{"rendered":"\n<p>Raymundo Morales\/Zona Roja.<\/p>\n\n\n\n<p>Oaxaca, Oax., a 24 de julio de 2025.- Tres personas fueron asesinada a balazos ayer mi\u00e9rcoles en la regi\u00f3n Costa del estado, entre ellas una mujer, y una m\u00e1s en Juchit\u00e1n de Zaragoza.<\/p>\n\n\n\n<p>Ayer por la tarde-noche se registr\u00f3 un ataque armado en barrio Del Chorro, en el municipio de San Gabriel Mixtepec, perteneciente al distrito de Juquila, con saldo de dos fallecidos.<\/p>\n\n\n\n<p>Una v\u00edctima fue identificada como Eva Q. M., de 19 a\u00f1os de edad, y otra como Leonardo V. C., de aproximadamente 34 a\u00f1os de edad, quienes fueron acribillados en la calle L\u00e1zaro C\u00e1rdenas.<\/p>\n\n\n\n<p>Hasta el momento se desconocen los motivos de la agresi\u00f3n armada y de manera preliminar se hab\u00eda informado que eran tras las personas ultimadas.<\/p>\n\n\n\n<p>Por otra parte, anoche alrededor de las 22:00 horas se registr\u00f3 otra agresi\u00f3n armada en Juchit\u00e1n de Zaragoza, con saldo de un individuo ultimado.<\/p>\n\n\n\n<p>Ocurri\u00f3 en la colonia 5 de Septiembre de dicha ciudad de la regi\u00f3n del Istmo de Tehuantepec y los familiares habr\u00edan retirado el cuerpo antes de que llegaran los polic\u00edas y la autoridad ministerial.<\/p>\n\n\n\n<p>Cabe mencionar que en tres d\u00edas, suman cuatro personas asesinadas a balazos en Juchit\u00e1n de Zaragoza, entre ellas una mujer; todos estaban relacionadas con las actividades del mototaxismo.<\/p>\n\n\n\n<p>Por otra parte, en la localidad de Mancuernas, del municipio de Santiago Pinotepa Nacional, se registr\u00f3 ayer por la tarde un enfrentamiento armado entre cuerpos policiacos y presuntos delincuentes.<\/p>\n\n\n\n<p>El saldo fue un civil fallecido, a\u00fan no identificado, y un elemento de la Secretar\u00eda de la Marina con lesiones de bala.<\/p>\n\n\n\n<p>Los casos ya est\u00e1n siendo investigados por la Fiscal\u00eda General del Estado de Oaxaca, a trav\u00e9s de sus respectivas vicefiscal\u00edas.<\/p>\n","protected":false},"excerpt":{"rendered":"<p>Raymundo Morales\/Zona Roja. Oaxaca, Oax., a 24 de julio de 2025.- Tres personas fueron asesinada&hellip;<\/p>\n","protected":false},"author":2,"featured_media":82745,"comment_status":"closed","ping_status":"open","sticky":false,"template":"","format":"standard","meta":{"_lmt_disableupdate":"","_lmt_disable":"","_jetpack_memberships_contains_paid_content":false,"footnotes":""},"categories":[109,51],"tags":[297,1270],"class_list":["post-82743","post","type-post","status-publish","format-standard","has-post-thumbnail","hentry","category-minuto-a-minuto","category-zona-roja","tag-ejecutado-juchitan","tag-san-gabriel-mixtepec"],"jetpack_featured_media_url":"https:\/\/zonaroja.com.mx\/wp-content\/uploads\/2025\/07\/Ataque-armado-asesinado-Juchitan.jpeg","jetpack_sharing_enabled":true,"_links":{"self":[{"href":"https:\/\/zonaroja.com.mx\/index.php?rest_route=\/wp\/v2\/posts\/82743","targetHints":{"allow":["GET"]}}],"collection":[{"href":"https:\/\/zonaroja.com.mx\/index.php?rest_route=\/wp\/v2\/posts"}],"about":[{"href":"https:\/\/zonaroja.com.mx\/index.php?rest_route=\/wp\/v2\/types\/post"}],"author":[{"embeddable":true,"href":"https:\/\/zonaroja.com.mx\/index.php?rest_route=\/wp\/v2\/users\/2"}],"replies":[{"embeddable":true,"href":"https:\/\/zonaroja.com.mx\/index.php?rest_route=%2Fwp%2Fv2%2Fcomments&post=82743"}],"version-history":[{"count":1,"href":"https:\/\/zonaroja.com.mx\/index.php?rest_route=\/wp\/v2\/posts\/82743\/revisions"}],"predecessor-version":[{"id":82746,"href":"https:\/\/zonaroja.com.mx\/index.php?rest_route=\/wp\/v2\/posts\/82743\/revisions\/82746"}],"wp:featuredmedia":[{"embeddable":true,"href":"https:\/\/zonaroja.com.mx\/index.php?rest_route=\/wp\/v2\/media\/82745"}],"wp:attachment":[{"href":"https:\/\/zonaroja.com.mx\/index.php?rest_route=%2Fwp%2Fv2%2Fmedia&parent=82743"}],"wp:term":[{"taxonomy":"category","embeddable":true,"href":"https:\/\/zonaroja.com.mx\/index.php?rest_route=%2Fwp%2Fv2%2Fcategories&post=82743"},{"taxonomy":"post_tag","embeddable":true,"href":"https:\/\/zonaroja.com.mx\/index.php?rest_route=%2Fwp%2Fv2%2Ftags&post=82743"}],"curies":[{"name":"wp","href":"https:\/\/api.w.org\/{rel}","templated":true}]}}