{"id":82747,"date":"2025-07-24T08:15:00","date_gmt":"2025-07-24T14:15:00","guid":{"rendered":"https:\/\/zonaroja.com.mx\/?p=82747"},"modified":"2025-07-24T06:59:37","modified_gmt":"2025-07-24T12:59:37","slug":"nuevo-dato-protegido-periodista-de-acapulco-debera-disculparse-con-alcaldesa","status":"publish","type":"post","link":"https:\/\/zonaroja.com.mx\/?p=82747","title":{"rendered":"\u00bfNuevo \u2018dato protegido\u2019? Periodista de Acapulco deber\u00e1 disculparse con alcaldesa"},"content":{"rendered":"\n<p>Redacci\u00f3n\/Zona Roja Cdmx. Imagen: Pol\u00edtico.Mx<\/p>\n\n\n\n<p>Ciudad de M\u00e9xico, a 24 de julio de 2025.- \u00bfTenemos un nuevo \u2018dato protegido\u2019? El periodista Jes\u00fas Casta\u00f1eda, director del medio ciudadano \u2018Acapulco Trends\u2019, fue sancionado por el Tribunal Electoral del Estado de Guerrero (TEEG), tras publicar una serie de reportajes en los que se\u00f1al\u00f3 presuntas irregularidades en la administraci\u00f3n de la alcaldesa de Acapulco, Abelina L\u00f3pez Rodr\u00edguez.<\/p>\n\n\n\n<p>De acuerdo con la resoluci\u00f3n del TEEG, el medio deber\u00e1 pagar una multa de 22 mil pesos, ofrecer una disculpa p\u00fablica durante 15 d\u00edas consecutivos en sus redes sociales y difundir un extracto de la sentencia durante 30 d\u00edas. El fallo, dictado en junio de 2024, acusa a \u2018Acapulco Trends\u2019 de incurrir en violencia pol\u00edtica en raz\u00f3n de g\u00e9nero contra la edil acapulque\u00f1a.<\/p>\n\n\n\n<p>A trav\u00e9s de su cuenta de X, \u2018Acapulco Trends\u2019 acus\u00f3 de \u201ccensura\u201d a L\u00f3pez Rodr\u00edguez, quien interpuso una denuncia en contra del medio, luego de que este expusiera el presunto desv\u00edo de 898 millones de pesos en el ejercicio de 2023, el cual estar\u00eda ligado al desastre ocasionado por el hurac\u00e1n \u2018Otis\u2019.<\/p>\n\n\n\n<p>\u201cNosotros publicamos sobre este procedimiento que ten\u00eda la Auditor\u00eda Superior del Estado de Guerrero contra la alcaldesa Abelina L\u00f3pez Rodr\u00edguez por inconsistencias en 898 millones de pesos del ejercicio 2023\u2033, cont\u00f3 Casta\u00f1eda en entrevista con la periodista Yohali Res\u00e9ndiz.<\/p>\n\n\n\n<p>\u201cA ra\u00edz de esto, nosotros hacemos esta investigaci\u00f3n period\u00edstica y es con esto, disfrazado de violencia pol\u00edtica de g\u00e9nero, que la presidenta interpone una denuncia en nuestra contra\u201d, explic\u00f3.<\/p>\n\n\n\n<p>En caso de Jes\u00fas Casta\u00f1eda o \u2018Acapulco Trends\u2019 no acaten las sanciones ni se disculpen p\u00fablicamente, el director del medio podr\u00eda ser detenido y enviado a prisi\u00f3n, advirti\u00f3 Res\u00e9ndiz en una publicaci\u00f3n en X.<\/p>\n\n\n\n<p>MUCHA CENSURA<\/p>\n\n\n\n<p>\u201cEsta situaci\u00f3n es lo que est\u00e1n enfrentando varios periodistas. Colegas han recibido balas que les han arrebatado la vida, enfrentado atentados, secuestros, calumnias, anulaci\u00f3n de convenios, extinci\u00f3n del medio, demandas millonarias, ahora es la exhibici\u00f3n p\u00fablica, el linchamiento medi\u00e1tico, la censura y la disculpa obligada.\u201d, expres\u00f3 la periodista.<\/p>\n\n\n\n<p>Cuestionado de si despu\u00e9s de recibir esta sanci\u00f3n, cambiar\u00e1 la forma de ejercer periodismo, Jes\u00fas Casta\u00f1eda afirm\u00f3 que continuar\u00e1 con la labor, ejerci\u00e9ndola con mucha responsabilidad y cuidado, aunque reiter\u00f3 que esta medida no detendr\u00e1 su trabajo period\u00edstico.<\/p>\n\n\n\n<p>\u201cEsta sanci\u00f3n no nos va a detener, sino al contrario. Vamos a seguir exponiendo, investigando sobre esta corrupci\u00f3n y sobre todo sobre estos casos, dando a conocer estos casos en donde el poder es utilizado para censurar\u201d, asegur\u00f3.<\/p>\n\n\n\n<p>En cumplimiento con la sentencia, \u2018Acapulco Trends\u2019 public\u00f3 en su cuenta de Facebook el mensaje ordenado por el Tribunal, que dice:<\/p>\n\n\n\n<p>\u201cSe ofrece una disculpa a la denunciante en el expediente TEE\/PES\/052\/2024, porque las expresiones que se emitieron en este medio de comunicaci\u00f3n generaron violencia pol\u00edtica en contra de las mujeres por raz\u00f3n de g\u00e9nero\u201d.<\/p>\n","protected":false},"excerpt":{"rendered":"<p>Redacci\u00f3n\/Zona Roja Cdmx. Imagen: Pol\u00edtico.Mx Ciudad de M\u00e9xico, a 24 de julio de 2025.- \u00bfTenemos&hellip;<\/p>\n","protected":false},"author":2,"featured_media":82748,"comment_status":"closed","ping_status":"open","sticky":false,"template":"","format":"standard","meta":{"_lmt_disableupdate":"","_lmt_disable":"","_jetpack_memberships_contains_paid_content":false,"footnotes":""},"categories":[109,47],"tags":[4370,4371],"class_list":["post-82747","post","type-post","status-publish","format-standard","has-post-thumbnail","hentry","category-minuto-a-minuto","category-zona-gris","tag-abelina-lopez-rodriguez","tag-acapulco-trends"],"jetpack_featured_media_url":"https:\/\/zonaroja.com.mx\/wp-content\/uploads\/2025\/07\/Abelina-Lopez-Acapulco-Trendes.jpg.avif","jetpack_sharing_enabled":true,"_links":{"self":[{"href":"https:\/\/zonaroja.com.mx\/index.php?rest_route=\/wp\/v2\/posts\/82747","targetHints":{"allow":["GET"]}}],"collection":[{"href":"https:\/\/zonaroja.com.mx\/index.php?rest_route=\/wp\/v2\/posts"}],"about":[{"href":"https:\/\/zonaroja.com.mx\/index.php?rest_route=\/wp\/v2\/types\/post"}],"author":[{"embeddable":true,"href":"https:\/\/zonaroja.com.mx\/index.php?rest_route=\/wp\/v2\/users\/2"}],"replies":[{"embeddable":true,"href":"https:\/\/zonaroja.com.mx\/index.php?rest_route=%2Fwp%2Fv2%2Fcomments&post=82747"}],"version-history":[{"count":1,"href":"https:\/\/zonaroja.com.mx\/index.php?rest_route=\/wp\/v2\/posts\/82747\/revisions"}],"predecessor-version":[{"id":82749,"href":"https:\/\/zonaroja.com.mx\/index.php?rest_route=\/wp\/v2\/posts\/82747\/revisions\/82749"}],"wp:featuredmedia":[{"embeddable":true,"href":"https:\/\/zonaroja.com.mx\/index.php?rest_route=\/wp\/v2\/media\/82748"}],"wp:attachment":[{"href":"https:\/\/zonaroja.com.mx\/index.php?rest_route=%2Fwp%2Fv2%2Fmedia&parent=82747"}],"wp:term":[{"taxonomy":"category","embeddable":true,"href":"https:\/\/zonaroja.com.mx\/index.php?rest_route=%2Fwp%2Fv2%2Fcategories&post=82747"},{"taxonomy":"post_tag","embeddable":true,"href":"https:\/\/zonaroja.com.mx\/index.php?rest_route=%2Fwp%2Fv2%2Ftags&post=82747"}],"curies":[{"name":"wp","href":"https:\/\/api.w.org\/{rel}","templated":true}]}}