{"id":8275,"date":"2020-01-31T21:42:39","date_gmt":"2020-02-01T03:42:39","guid":{"rendered":"http:\/\/www.zonaroja.com.mx\/?p=8275"},"modified":"2020-01-31T21:42:44","modified_gmt":"2020-02-01T03:42:44","slug":"mantienen-mesa-de-dialogo-sep-y-el-ieepo-para-revisar-agenda-educativa","status":"publish","type":"post","link":"https:\/\/zonaroja.com.mx\/?p=8275","title":{"rendered":"Mantienen mesa de di\u00e1logo SEP y el IEEPO para revisar agenda educativa"},"content":{"rendered":"\n<p>Redacci\u00f3n\/Zona Roja.<\/p>\n\n\n\n<p>Oaxaca de Ju\u00e1rez, Oax., 31 de enero de\n2020.- La Secretar\u00eda de Educaci\u00f3n P\u00fablica (SEP) y el Instituto Estatal de\nEducaci\u00f3n P\u00fablica de Oaxaca (IEEPO), mantienen el di\u00e1logo permanente a fin de\nrevisar la agenda educativa.<\/p>\n\n\n\n<p>Este viernes, el subsecretario de\nEducaci\u00f3n B\u00e1sica de la SEP, Marcos Bucio M\u00fajica, vino a la capital oaxaque\u00f1a\npara reunirse con el director General del Instituto Estatal de Educaci\u00f3n\nP\u00fablica de Oaxaca (IEEPO).<\/p>\n\n\n\n<p>Con la participaci\u00f3n de funcionarios\ndel \u00e1mbito educativo, se continu\u00f3 con el seguimiento de temas relevantes\nconforme a la normatividad vigente, relacionados con la mejora de la educaci\u00f3n\nb\u00e1sica de ni\u00f1as, ni\u00f1os y adolescentes y la atenci\u00f3n de las necesidades de las y\nlos trabajadores del sector educativo en la entidad.<\/p>\n\n\n\n<p>Asimismo, se abord\u00f3 la Estrategia\nNacional de Iniciaci\u00f3n a la Docencia en el Medio Ind\u00edgena, a trav\u00e9s de la cual\n400 j\u00f3venes egresados de bachillerato, hablantes de lenguas ind\u00edgenas, luego de\nuna valoraci\u00f3n acad\u00e9mica de ingreso, ser\u00e1n capacitados para brindar servicios\neducativos en los niveles inicial, preescolar y primaria en sus comunidades de\norigen.<\/p>\n\n\n\n<p>Durante su participaci\u00f3n, el subsecretario\nde Educaci\u00f3n B\u00e1sica de la SEP destac\u00f3 la atenci\u00f3n brindada al magisterio y la\ncolaboraci\u00f3n mutua mostrada por el Gobierno de Oaxaca, en el marco de respeto.<\/p>\n\n\n\n<p>As\u00ed tambi\u00e9n, la apertura que el\npresidente de la Rep\u00fablica, Andr\u00e9s Manuel L\u00f3pez Obrador, ha establecido con el\nmagisterio y para el desarrollo educativo de Oaxaca.<\/p>\n\n\n\n<p>Por su parte, el director General del\nIEEPO, \u00c1ngel Villarreal refrend\u00f3 el compromiso del gobernador Alejandro Murat\nHinojosa, de trabajar en equipo con el Gobierno de M\u00e9xico y con el magisterio\ncon el objetivo de establecer acuerdos que abonen en la construcci\u00f3n de una\nmejor educaci\u00f3n, en beneficio de la ni\u00f1ez y adolescencia de las ocho regiones\ndel estado.<\/p>\n\n\n\n<p>De esta manera, el gobierno estatal y federal\nen un trabajo coordinado ejecutan acciones para responder a las necesidades de\nlos educandos, as\u00ed como de las maestras y maestros de Oaxaca, que diariamente\nacuden a las aulas.<\/p>\n","protected":false},"excerpt":{"rendered":"<p>Redacci\u00f3n\/Zona Roja. Oaxaca de Ju\u00e1rez, Oax., 31 de enero de 2020.- La Secretar\u00eda de Educaci\u00f3n&hellip;<\/p>\n","protected":false},"author":2,"featured_media":8276,"comment_status":"closed","ping_status":"open","sticky":false,"template":"","format":"standard","meta":{"_lmt_disableupdate":"","_lmt_disable":"","_jetpack_memberships_contains_paid_content":false,"footnotes":""},"categories":[109,46],"tags":[599],"class_list":["post-8275","post","type-post","status-publish","format-standard","has-post-thumbnail","hentry","category-minuto-a-minuto","category-zona-blanca","tag-instituto-estatal-de-educacion-publica-de-oaxaca"],"jetpack_featured_media_url":"https:\/\/zonaroja.com.mx\/wp-content\/uploads\/2020\/01\/IEEPO-SEP.jpg","jetpack_sharing_enabled":true,"_links":{"self":[{"href":"https:\/\/zonaroja.com.mx\/index.php?rest_route=\/wp\/v2\/posts\/8275","targetHints":{"allow":["GET"]}}],"collection":[{"href":"https:\/\/zonaroja.com.mx\/index.php?rest_route=\/wp\/v2\/posts"}],"about":[{"href":"https:\/\/zonaroja.com.mx\/index.php?rest_route=\/wp\/v2\/types\/post"}],"author":[{"embeddable":true,"href":"https:\/\/zonaroja.com.mx\/index.php?rest_route=\/wp\/v2\/users\/2"}],"replies":[{"embeddable":true,"href":"https:\/\/zonaroja.com.mx\/index.php?rest_route=%2Fwp%2Fv2%2Fcomments&post=8275"}],"version-history":[{"count":1,"href":"https:\/\/zonaroja.com.mx\/index.php?rest_route=\/wp\/v2\/posts\/8275\/revisions"}],"predecessor-version":[{"id":8277,"href":"https:\/\/zonaroja.com.mx\/index.php?rest_route=\/wp\/v2\/posts\/8275\/revisions\/8277"}],"wp:featuredmedia":[{"embeddable":true,"href":"https:\/\/zonaroja.com.mx\/index.php?rest_route=\/wp\/v2\/media\/8276"}],"wp:attachment":[{"href":"https:\/\/zonaroja.com.mx\/index.php?rest_route=%2Fwp%2Fv2%2Fmedia&parent=8275"}],"wp:term":[{"taxonomy":"category","embeddable":true,"href":"https:\/\/zonaroja.com.mx\/index.php?rest_route=%2Fwp%2Fv2%2Fcategories&post=8275"},{"taxonomy":"post_tag","embeddable":true,"href":"https:\/\/zonaroja.com.mx\/index.php?rest_route=%2Fwp%2Fv2%2Ftags&post=8275"}],"curies":[{"name":"wp","href":"https:\/\/api.w.org\/{rel}","templated":true}]}}