{"id":82760,"date":"2025-07-24T12:48:00","date_gmt":"2025-07-24T18:48:00","guid":{"rendered":"https:\/\/zonaroja.com.mx\/?p=82760"},"modified":"2025-07-24T07:48:50","modified_gmt":"2025-07-24T13:48:50","slug":"adan-augusto-pasa-de-hombre-fuerte-de-amlo-a-politico-incomodo-en-morena","status":"publish","type":"post","link":"https:\/\/zonaroja.com.mx\/?p=82760","title":{"rendered":"Ad\u00e1n Augusto pasa de hombre fuerte de AMLO a pol\u00edtico inc\u00f3modo en Morena"},"content":{"rendered":"\n<p>Redacci\u00f3n\/Zona Roja Cdmx.<\/p>\n\n\n\n<p>Ciudad de M\u00e9xico, a 24 de julio de 2025.- En cuatro a\u00f1os, Ad\u00e1n Augusto L\u00f3pez Hern\u00e1ndez pas\u00f3 de ser el \u201chermano\u201d y hombre fuerte del expresidente Andr\u00e9s Manuel L\u00f3pez Obrador a un personaje inc\u00f3modo para Morena.<\/p>\n\n\n\n<p>El coordinador de los senadores de Morena es objeto de pol\u00e9mica porque su exsecretario de Seguridad P\u00fablica, Hern\u00e1n Berm\u00fadez, ha sido se\u00f1alado de encabezar un grupo delictivo en Tabasco, \u201cLa Barredora\u201d, y por tener una orden de aprehensi\u00f3n por asociaci\u00f3n delictuosa, secuestro y extorsi\u00f3n.<\/p>\n\n\n\n<p>Hasta 2021, Ad\u00e1n Augusto L\u00f3pez se desempe\u00f1\u00f3 como gobernador de Tabasco. Para enfrentar la violencia en un a\u00f1o que cerrar\u00eda con 570 homicidios dolosos (1.5 por d\u00eda) el mandatario estatal nombr\u00f3 a un viejo conocido: Hern\u00e1n Berm\u00fadez.<\/p>\n\n\n\n<p>Berm\u00fadez acompa\u00f1\u00f3 a Ad\u00e1n Augusto hasta 2021, cuando su jefe fue invitado a incorporarse al gobierno del presidente Andr\u00e9s Manuel L\u00f3pez Obrador como secretario de Gobernaci\u00f3n.<\/p>\n\n\n\n<p>\u201cAd\u00e1n es un cuadro, un profesional, un buen gobernante, una buena persona, un hombre \u00edntegro, una gente honesta. Podr\u00eda tener un buen desempe\u00f1o en el gobierno federal\u201d, dijo el entonces presidente en una conferencia matutina realizada en Tabasco, en donde confirm\u00f3 que ten\u00eda la intenci\u00f3n de invitarlo a su equipo de trabajo.<\/p>\n\n\n\n<p>El 26 de agosto se formaliz\u00f3 el cambio. Ad\u00e1n Augusto L\u00f3pez Hern\u00e1ndez lleg\u00f3 a Gobernaci\u00f3n en sustituci\u00f3n de Olga S\u00e1nchez Cordero, quien regresar\u00eda al Senado. El pol\u00edtico tabasque\u00f1o ten\u00eda una misi\u00f3n en la Secretar\u00eda de Gobernaci\u00f3n: empujar las iniciativas del entonces presidente.<\/p>\n\n\n\n<p>Ad\u00e1n Augusto era un hombre de confianza para L\u00f3pez Obrador. En el 2006, L\u00f3pez Hern\u00e1ndez coordin\u00f3 la primera campa\u00f1a presidencial de L\u00f3pez Obrador en el sur del pa\u00eds: Campeche, Chiapas, Oaxaca, Quintana Roo, Tabasco, Veracruz y Yucat\u00e1n. Luego, ocho a\u00f1os despu\u00e9s, dej\u00f3 la bancada del PRD para integrarse al partido que fund\u00f3 su paisano.<\/p>\n\n\n\n<p>Cuando fue necesario, L\u00f3pez Obrador defendi\u00f3 a Ad\u00e1n Augusto. En octubre de 2022 se le pregunt\u00f3 al presidente su opini\u00f3n sobre la versi\u00f3n de que funcionarios nombrados por el exgobernador estaban relacionados con un grupo criminal.<\/p>\n\n\n\n<p>\u201cPrimero, que Ad\u00e1n es un hombre honesto, lo conozco bien\u201d, respondi\u00f3 L\u00f3pez Obrador.<\/p>\n\n\n\n<p>El nombre de Ad\u00e1n Augusto tambi\u00e9n fue incluido en la lista de \u201ccorcholatas\u201d que aspiraban a ser el sucesor de L\u00f3pez Obrador. El 16 de junio de 2023, L\u00f3pez Hern\u00e1ndez dej\u00f3 Gobernaci\u00f3n en busca de ser el candidato presidencial de Morena, sin embargo, no obtuvo la nominaci\u00f3n.<\/p>\n\n\n\n<p>EL ESC\u00c1NDALO<\/p>\n\n\n\n<p>Mientras L\u00f3pez Hern\u00e1ndez se encargaba de la pol\u00edtica interna del pa\u00eds, en Tabasco crec\u00eda la violencia y tambi\u00e9n los se\u00f1alamientos de que Hern\u00e1n Berm\u00fadez ten\u00eda relaci\u00f3n con el grupo delictivo \u201cLa Barredora\u201d.<\/p>\n\n\n\n<p>Con Hern\u00e1n Berm\u00fadez, Tabasco registr\u00f3 uno de los niveles m\u00e1s altos de violencia, sin embargo no hab\u00eda relevo.<\/p>\n\n\n\n<p>Fue hasta el gobierno de Javier May cuando los se\u00f1alamientos contra Hern\u00e1n Berm\u00fadez tomaron fuerza y m\u00e1s all\u00e1 de acusaciones, se inici\u00f3 una investigaci\u00f3n que deriv\u00f3 en una orden de aprehensi\u00f3n por tres delitos.<\/p>\n\n\n\n<p>Cuando a Ad\u00e1n Augusto se le cuestion\u00f3 por las acusaciones contra su excolaborador evit\u00f3 fijar un pronunciamiento. Sin embargo, el asunto creci\u00f3 y lo ha colocado como un pol\u00edtico inc\u00f3modo porque en esencia encumbr\u00f3 a un l\u00edder criminal, una cr\u00edtica que sol\u00eda hacer su paisano L\u00f3pez Obrador pero a la relaci\u00f3n entre Felipe Calder\u00f3n y Genaro Garc\u00eda Luna y por la que ped\u00eda explicaciones.<\/p>\n\n\n\n<p>(Informaci\u00f3n de Expansi\u00f3n Pol\u00edtica\u201d)<\/p>\n","protected":false},"excerpt":{"rendered":"<p>Redacci\u00f3n\/Zona Roja Cdmx. Ciudad de M\u00e9xico, a 24 de julio de 2025.- En cuatro a\u00f1os,&hellip;<\/p>\n","protected":false},"author":2,"featured_media":82711,"comment_status":"closed","ping_status":"open","sticky":false,"template":"","format":"standard","meta":{"_lmt_disableupdate":"","_lmt_disable":"","_jetpack_memberships_contains_paid_content":false,"footnotes":""},"categories":[109,47],"tags":[3288],"class_list":["post-82760","post","type-post","status-publish","format-standard","has-post-thumbnail","hentry","category-minuto-a-minuto","category-zona-gris","tag-adan-augusto-lopez"],"jetpack_featured_media_url":"https:\/\/zonaroja.com.mx\/wp-content\/uploads\/2025\/07\/Adan-Augusto-Lopez-.jpg","jetpack_sharing_enabled":true,"_links":{"self":[{"href":"https:\/\/zonaroja.com.mx\/index.php?rest_route=\/wp\/v2\/posts\/82760","targetHints":{"allow":["GET"]}}],"collection":[{"href":"https:\/\/zonaroja.com.mx\/index.php?rest_route=\/wp\/v2\/posts"}],"about":[{"href":"https:\/\/zonaroja.com.mx\/index.php?rest_route=\/wp\/v2\/types\/post"}],"author":[{"embeddable":true,"href":"https:\/\/zonaroja.com.mx\/index.php?rest_route=\/wp\/v2\/users\/2"}],"replies":[{"embeddable":true,"href":"https:\/\/zonaroja.com.mx\/index.php?rest_route=%2Fwp%2Fv2%2Fcomments&post=82760"}],"version-history":[{"count":1,"href":"https:\/\/zonaroja.com.mx\/index.php?rest_route=\/wp\/v2\/posts\/82760\/revisions"}],"predecessor-version":[{"id":82761,"href":"https:\/\/zonaroja.com.mx\/index.php?rest_route=\/wp\/v2\/posts\/82760\/revisions\/82761"}],"wp:featuredmedia":[{"embeddable":true,"href":"https:\/\/zonaroja.com.mx\/index.php?rest_route=\/wp\/v2\/media\/82711"}],"wp:attachment":[{"href":"https:\/\/zonaroja.com.mx\/index.php?rest_route=%2Fwp%2Fv2%2Fmedia&parent=82760"}],"wp:term":[{"taxonomy":"category","embeddable":true,"href":"https:\/\/zonaroja.com.mx\/index.php?rest_route=%2Fwp%2Fv2%2Fcategories&post=82760"},{"taxonomy":"post_tag","embeddable":true,"href":"https:\/\/zonaroja.com.mx\/index.php?rest_route=%2Fwp%2Fv2%2Ftags&post=82760"}],"curies":[{"name":"wp","href":"https:\/\/api.w.org\/{rel}","templated":true}]}}