{"id":82762,"date":"2025-07-24T11:50:00","date_gmt":"2025-07-24T17:50:00","guid":{"rendered":"https:\/\/zonaroja.com.mx\/?p=82762"},"modified":"2025-07-24T07:51:06","modified_gmt":"2025-07-24T13:51:06","slug":"abuso-por-varios-anos-de-una-menor-en-la-ciudad-de-oaxaca-ya-fue-detenido","status":"publish","type":"post","link":"https:\/\/zonaroja.com.mx\/?p=82762","title":{"rendered":"Abus\u00f3 por varios a\u00f1os de una menor en la ciudad de Oaxaca; ya fue detenido"},"content":{"rendered":"\n<p>Redacci\u00f3n\/Zona Roja.<\/p>\n\n\n\n<p>Oaxaca, Oax., a 24 de julio de 2025.- La Fiscal\u00eda General del Estado de Oaxaca (FGEO) obtuvo vinculaci\u00f3n a proceso y prisi\u00f3n preventiva en contra de un hombre identificado como C.V.P, imputado por los delitos de abuso sexual infantil, equiparado a la violaci\u00f3n agravada, violaci\u00f3n agravada y pornograf\u00eda infantil, hechos ocurridos en los Valles Centrales del estado.<\/p>\n\n\n\n<p>El expediente penal del caso, detalla que las agresiones sexuales ocurrieron desde abril del 2015 a junio de 2025, es decir, iniciaron cuando la v\u00edctima -cuya identidad est\u00e1 reservada por ley- solo ten\u00eda cinco a\u00f1os de edad y hasta que cumpli\u00f3 16.<\/p>\n\n\n\n<p>La investigaci\u00f3n revela que la primera agresi\u00f3n hacia la v\u00edctima, se dio en el interior de un cuarto de un establecimiento habilitado como tortiller\u00eda ubicada en avenida La Paz de San Juan Chapultepec, agencia municipal de la ciudad de Oaxaca de Ju\u00e1rez.<\/p>\n\n\n\n<p>Las agresiones contra la menor, continuaron en fechas como febrero de 2021, agosto, septiembre y octubre de 2023, as\u00ed como marzo y diciembre de 2024 y de enero a junio de 2025 en un domicilio ubicado en la Colonia Centro del municipio de Santa Cruz Xoxocotl\u00e1n, lugar donde la v\u00edctima viv\u00eda bajo el cuidado del imputado.<\/p>\n\n\n\n<p>El expediente penal se\u00f1ala que la v\u00edctima era amenazada y condicionada con darle dinero, ropa o permisos para ir a la escuela o a la calle a cambio de guardar silencio.<\/p>\n\n\n\n<p>Al tener conocimiento de los hechos, derivado de la denuncia, la FGEO inici\u00f3 las investigaciones correspondientes a trav\u00e9s de la Fiscal\u00eda Especializada en Justicia para Ni\u00f1as, Ni\u00f1os y Adolescentes de la Vicefiscal\u00eda Regional de los Valles Centrales, reuniendo las pruebas necesarias que permitieron obtener una orden de aprehensi\u00f3n y posteriormente la detenci\u00f3n de C.V.P., la cual fue ejecutada por elementos de la Agencia Estatal de Investigaciones (AEI) quienes lo prestaron ante la autoridad competente para resolver su situaci\u00f3n jur\u00eddica.&nbsp;<\/p>\n\n\n\n<p>En audiencia y derivado de la evaluaci\u00f3n de los datos de prueba aportados por la FGEO, el Juez de la causa dict\u00f3 auto de vinculaci\u00f3n a proceso en contra de C.V.P., por los delitos de abuso sexual infantil agravado, equiparado a la violaci\u00f3n agravada, violaci\u00f3n agravada y pornograf\u00eda infantil e impuso la medida cautelar de prisi\u00f3n preventiva justificada, otorgando un plazo de tiempo para el cierre de la investigaci\u00f3n complementaria.<\/p>\n\n\n\n<p>La Fiscal\u00eda General del Estado de Oaxaca prioriza las investigaciones relacionadas con delitos cometidos contra las mujeres, ni\u00f1as y adolescentes, para presentar ante la justicia a los responsables a fin de garantizar el derecho a una vida libre de violencia.<\/p>\n","protected":false},"excerpt":{"rendered":"<p>Redacci\u00f3n\/Zona Roja. Oaxaca, Oax., a 24 de julio de 2025.- La Fiscal\u00eda General del Estado&hellip;<\/p>\n","protected":false},"author":2,"featured_media":82763,"comment_status":"closed","ping_status":"open","sticky":false,"template":"","format":"standard","meta":{"_lmt_disableupdate":"","_lmt_disable":"","_jetpack_memberships_contains_paid_content":false,"footnotes":""},"categories":[109,46],"tags":[494],"class_list":["post-82762","post","type-post","status-publish","format-standard","has-post-thumbnail","hentry","category-minuto-a-minuto","category-zona-blanca","tag-fiscalia-general-del-estado-de-oaxaca"],"jetpack_featured_media_url":"https:\/\/zonaroja.com.mx\/wp-content\/uploads\/2025\/07\/Abuso-sexual-contra-menor-ciudad-de-Oaxaca.jpg","jetpack_sharing_enabled":true,"_links":{"self":[{"href":"https:\/\/zonaroja.com.mx\/index.php?rest_route=\/wp\/v2\/posts\/82762","targetHints":{"allow":["GET"]}}],"collection":[{"href":"https:\/\/zonaroja.com.mx\/index.php?rest_route=\/wp\/v2\/posts"}],"about":[{"href":"https:\/\/zonaroja.com.mx\/index.php?rest_route=\/wp\/v2\/types\/post"}],"author":[{"embeddable":true,"href":"https:\/\/zonaroja.com.mx\/index.php?rest_route=\/wp\/v2\/users\/2"}],"replies":[{"embeddable":true,"href":"https:\/\/zonaroja.com.mx\/index.php?rest_route=%2Fwp%2Fv2%2Fcomments&post=82762"}],"version-history":[{"count":1,"href":"https:\/\/zonaroja.com.mx\/index.php?rest_route=\/wp\/v2\/posts\/82762\/revisions"}],"predecessor-version":[{"id":82764,"href":"https:\/\/zonaroja.com.mx\/index.php?rest_route=\/wp\/v2\/posts\/82762\/revisions\/82764"}],"wp:featuredmedia":[{"embeddable":true,"href":"https:\/\/zonaroja.com.mx\/index.php?rest_route=\/wp\/v2\/media\/82763"}],"wp:attachment":[{"href":"https:\/\/zonaroja.com.mx\/index.php?rest_route=%2Fwp%2Fv2%2Fmedia&parent=82762"}],"wp:term":[{"taxonomy":"category","embeddable":true,"href":"https:\/\/zonaroja.com.mx\/index.php?rest_route=%2Fwp%2Fv2%2Fcategories&post=82762"},{"taxonomy":"post_tag","embeddable":true,"href":"https:\/\/zonaroja.com.mx\/index.php?rest_route=%2Fwp%2Fv2%2Ftags&post=82762"}],"curies":[{"name":"wp","href":"https:\/\/api.w.org\/{rel}","templated":true}]}}