{"id":82771,"date":"2025-07-25T09:15:00","date_gmt":"2025-07-25T15:15:00","guid":{"rendered":"https:\/\/zonaroja.com.mx\/?p=82771"},"modified":"2025-07-25T07:05:06","modified_gmt":"2025-07-25T13:05:06","slug":"exigen-las-ong-al-estado-garantizar-seguridad-y-frenar-feminicidios","status":"publish","type":"post","link":"https:\/\/zonaroja.com.mx\/?p=82771","title":{"rendered":"Exigen las ONG al Estado garantizar seguridad y frenar feminicidios"},"content":{"rendered":"\n<p>Lisbeth Mej\u00eda Reyes\/Zona Roja.&nbsp;<\/p>\n\n\n\n<p>Oaxaca, Oax., a 24 de julio de 2025.- La m\u00e1s reciente v\u00edctima de probable feminicidio en la regi\u00f3n del Istmo fue Mayela, una mujer de aproximadamente 37 a\u00f1os de edad asesinada en el centro de Juchit\u00e1n, en un espacio p\u00fablico y a plena luz del d\u00eda; era trabajadora de un sitio de mototaxis.\u00a0<\/p>\n\n\n\n<p>Pero antes de ella la violencia acab\u00f3 con la vida de Maricela A. A., estudiante de preparatoria cuyo cuerpo fue localizado el 7 de julio, tras denunciarse su desaparici\u00f3n desde el 4 del mes.\u00a0<\/p>\n\n\n\n<p>El d\u00eda 10 fue localizado en un costal y en la v\u00eda p\u00fablica el cuerpo de Reina Violeta, vendedora de comida; ten\u00eda signos de tortura.<\/p>\n\n\n\n<p>En menos de un mes, tres mujeres fueron asesinadas en Juchit\u00e1n de Zaragoza, en una regi\u00f3n (Istmo de Tehuantepec) que en lo que va del 2025 se ha colocado como la segunda m\u00e1s violenta para las mujeres, seguida de los Valles Centrales. En la zona istme\u00f1a se han registrado 12 de los 46 asesinatos o muertes violentas de mujeres y en Valles, 10.&nbsp;<\/p>\n\n\n\n<p>Aunque si se considera el curso del actual sexenio, en el que se han reportado 250 asesinatos de mujeres, ambas regiones invierten posici\u00f3n: Valles, con 74 de los casos y el Istmo, con 52, de acuerdo con el registro del Grupo de Estudios sobre la Mujer Rosario Castellanos (GES Mujer).<\/p>\n\n\n\n<p>\u00abTanto en Valles Centrales como en el Istmo se est\u00e1 viviendo un contexto de riesgo permanente, sobre todo para nosotras las mujeres, y lamentablemente el Estado ha fallado en garantizar el derecho a la vida de las mujeres, a la seguridad y la justicia\u00bb, se\u00f1ala Mar\u00eda del Rosario Mart\u00ednez Miguel, presidenta de GES Mujer.&nbsp;<\/p>\n\n\n\n<p>Lo m\u00e1s grave, apunta, es que la violencia se manifieste como en el \u00faltimo asesinato en Juchit\u00e1n: en espacios p\u00fablicos, a horas en las que la mucha gente transita en las calles. \u00abY no hay una respuesta efectiva contra eso\u00bb, lamenta.<\/p>\n\n\n\n<p>Este tipo de violencia afecta a las mujeres de todas las edades y ocupaciones, pero tambi\u00e9n alcanza a sus familias, explica Mart\u00ednez Miguel sobre las secuelas que se extienden a toda una sociedad, a las comunidades o municipios de un estado con Alerta de Violencia de G\u00e9nero desde 2018.<\/p>\n\n\n\n<p>ALERTA DE VIOLENCIA<\/p>\n\n\n\n<p>\u00abSe supondr\u00eda que despu\u00e9s de hacerse declarado la Alerta de Violencia de G\u00e9nero, los esfuerzos estar\u00edan m\u00e1s focalizados en estos 40 municipios (entre ellos, Juchit\u00e1n).&nbsp;<\/p>\n\n\n\n<p>Sin embargo, las cifras nos muestran lo contrario, que no ha habido un cese de la violencia\u00bb, expone la presidenta de GES Mujer, al reiterar la demanda al Estado para garantizar a las mujeres una vida libre de violencia.<\/p>\n\n\n\n<p>De acuerdo con el informe de GES Mujer, la violencia se ha recrudecido en contra de las mujeres, pues de las 46 asesinadas del 1 de enero al 22 de julio el 63 por ciento (22) han sido por impactos de balas.&nbsp;<\/p>\n\n\n\n<p>A esa cifra se suma la muerte violenta de Eva Q. M., de 19 a\u00f1os de edad, ultimada junto con su pareja antenoche en el municipio de San Gabriel Mixtepec, regi\u00f3n Costa.<\/p>\n\n\n\n<p>Adem\u00e1s, en 35 por ciento de los casos sus cuerpos se han encontrado en el hogar, que se supone deber\u00eda de ser un espacio seguro. Tambi\u00e9n porque en el 85 por ciento de los casos (39) se desconoce a el o los agresores. \u00abEso evidencia las graves deficiencias en las investigaciones\u00bb.<\/p>\n\n\n\n<p>Tras el asesinato de Mayela, el Grupo de Mujeres \u201c8 de Marzo\u201d tambi\u00e9n se pronunci\u00f3 p\u00fablicamente para condenar tal hecho, ocurrido en el Parque Central Heliodoro Charis Castro.&nbsp;<\/p>\n\n\n\n<p>La asociaci\u00f3n civil de Juchit\u00e1n exigi\u00f3 a las autoridades \u00abuna respuesta inmediata ante la crisis de inseguridad y violencia feminicida\u00bb y que esta incluya la prevenci\u00f3n de delitos de alto impacto.&nbsp;<\/p>\n\n\n\n<p>Acciones \u00abque sean coordinadas y que den respuesta a la grave problem\u00e1tica de violencia feminicida que estamos enfrentando\u00bb, pero tambi\u00e9n investigaciones \u00abde los asesinatos violentos bajo el protocolo de feminicidio y evitar la impunidad, impulsar acciones interinstitucionales coordinadas con diversas dependencias tanto del gobierno federal como del gobierno estatal\u00bb.<\/p>\n\n\n\n<p>Al igual que el Grupo 8 de Marzo, GES Mujer tambi\u00e9n hizo un llamado urgente a la Fiscal\u00eda General del Estado, al gobierno estatal y al Poder Judicial para garantizar la seguridad y justicia de las mujeres. Pero tambi\u00e9n el fortalecimiento a la Alerta de Violencia de G\u00e9nero, con mecanismos de evaluaci\u00f3n, transparencia y participaci\u00f3n ciudadana para tener resultados visibles y medibles. Asimismo, la asignaci\u00f3n de presupuestos con perspectiva de g\u00e9nero en el que se priorice la prevenci\u00f3n y la atenci\u00f3n de la violencia feminicida.<\/p>\n","protected":false},"excerpt":{"rendered":"<p>Lisbeth Mej\u00eda Reyes\/Zona Roja.&nbsp; Oaxaca, Oax., a 24 de julio de 2025.- La m\u00e1s reciente&hellip;<\/p>\n","protected":false},"author":2,"featured_media":79428,"comment_status":"closed","ping_status":"open","sticky":false,"template":"","format":"standard","meta":{"_lmt_disableupdate":"","_lmt_disable":"","_jetpack_memberships_contains_paid_content":false,"footnotes":""},"categories":[109,47],"tags":[610],"class_list":["post-82771","post","type-post","status-publish","format-standard","has-post-thumbnail","hentry","category-minuto-a-minuto","category-zona-gris","tag-feminicidios-oaxaca"],"jetpack_featured_media_url":"https:\/\/zonaroja.com.mx\/wp-content\/uploads\/2025\/04\/Feminicidios-asesinato-mujer.jpg","jetpack_sharing_enabled":true,"_links":{"self":[{"href":"https:\/\/zonaroja.com.mx\/index.php?rest_route=\/wp\/v2\/posts\/82771","targetHints":{"allow":["GET"]}}],"collection":[{"href":"https:\/\/zonaroja.com.mx\/index.php?rest_route=\/wp\/v2\/posts"}],"about":[{"href":"https:\/\/zonaroja.com.mx\/index.php?rest_route=\/wp\/v2\/types\/post"}],"author":[{"embeddable":true,"href":"https:\/\/zonaroja.com.mx\/index.php?rest_route=\/wp\/v2\/users\/2"}],"replies":[{"embeddable":true,"href":"https:\/\/zonaroja.com.mx\/index.php?rest_route=%2Fwp%2Fv2%2Fcomments&post=82771"}],"version-history":[{"count":2,"href":"https:\/\/zonaroja.com.mx\/index.php?rest_route=\/wp\/v2\/posts\/82771\/revisions"}],"predecessor-version":[{"id":82786,"href":"https:\/\/zonaroja.com.mx\/index.php?rest_route=\/wp\/v2\/posts\/82771\/revisions\/82786"}],"wp:featuredmedia":[{"embeddable":true,"href":"https:\/\/zonaroja.com.mx\/index.php?rest_route=\/wp\/v2\/media\/79428"}],"wp:attachment":[{"href":"https:\/\/zonaroja.com.mx\/index.php?rest_route=%2Fwp%2Fv2%2Fmedia&parent=82771"}],"wp:term":[{"taxonomy":"category","embeddable":true,"href":"https:\/\/zonaroja.com.mx\/index.php?rest_route=%2Fwp%2Fv2%2Fcategories&post=82771"},{"taxonomy":"post_tag","embeddable":true,"href":"https:\/\/zonaroja.com.mx\/index.php?rest_route=%2Fwp%2Fv2%2Ftags&post=82771"}],"curies":[{"name":"wp","href":"https:\/\/api.w.org\/{rel}","templated":true}]}}