{"id":82782,"date":"2025-07-25T08:15:00","date_gmt":"2025-07-25T14:15:00","guid":{"rendered":"https:\/\/zonaroja.com.mx\/?p=82782"},"modified":"2025-07-25T06:59:47","modified_gmt":"2025-07-25T12:59:47","slug":"secuestran-torturan-y-matan-a-maestra-jubilada-en-veracruz","status":"publish","type":"post","link":"https:\/\/zonaroja.com.mx\/?p=82782","title":{"rendered":"Secuestran, torturan y matan a maestra jubilada en Veracruz"},"content":{"rendered":"\n<p>Redacci\u00f3n\/Zona Roja Cdmx.<\/p>\n\n\n\n<p>Ciudad de M\u00e9xico, a 25 de julio de 2025.- La Fiscal\u00eda General del Estado de Veracruz (FGE) inform\u00f3 que se localiz\u00f3 a la maestra jubilada y quien trabajaba como taxista, Irma Hern\u00e1ndez Cruz, quien fue obligada por parte de integrantes del crimen organizado a grabar un video para exigir el pago de cuotas a sus compa\u00f1eros del volante.<\/p>\n\n\n\n<p>La maestra jubilada y quien manejaba la unidad 554 fue privada de su libertad aproximadamente el viernes 18 de julio a las 18:30 horas en la calle Sor Juana In\u00e9s de la Cruz, entre avenida Independencia y Garizurieta, frente al mercado municipal y el sitio de taxis de la ruta Ejido Estero del \u00cddolo.<\/p>\n\n\n\n<p>Despu\u00e9s de que sus familiares reportaron el hecho, la Comisi\u00f3n Estatal de B\u00fasqueda emiti\u00f3 su ficha, donde identific\u00f3 que ten\u00eda 62 a\u00f1os y requer\u00eda tratamiento m\u00e9dico especializado.<\/p>\n\n\n\n<p>En d\u00edas pasados comenz\u00f3 a circular un video en donde se observa a la mujer atada de manos y de rodillas, rodeada de hombres armados, vestidos de negro y encapuchados, al parecer, integrantes del grupo delictivo \u00abMafia Veracruzana\u00bb y emitiendo un mensaje:<\/p>\n\n\n\n<p>\u201c\u00bbMi nombre es Irma Hern\u00e1ndez Cruz, manejo el taxi 554. Compa\u00f1eros taxistas, con la mafia veracruzana no se juega, paguen su cuota como debe de ser con ellos y dejen de andar de encu***** con los charros, que s\u00f3lo los extorsionan o van a terminar como yo\u00bb, dijo la se\u00f1ora en el video, presionada por sus captores\u201d, expresa en la grabaci\u00f3n de 23 segundos.<\/p>\n\n\n\n<p>Durante una conferencia de prensa, representantes de medios de comunicaci\u00f3n, cuestionaron a la gobernadora de Veracruz, Roc\u00edo Nahle Garc\u00eda, sobre el tema y refiri\u00f3 que lo extra\u00f1o es que nadie solicit\u00f3 rescate por ella; sin embargo, neg\u00f3 ofrecer detalles para no entorpecer la investigaci\u00f3n.<\/p>\n\n\n\n<p>A trav\u00e9s de su cuenta de \ud835\udd4f, la dependencia estatal detall\u00f3 en un comunicado que se localiz\u00f3 a la mujer en el municipio de \u00c1lamo , mismo lugar en donde se report\u00f3 su desaparici\u00f3n desde el pasado viernes 18 de julio.<\/p>\n\n\n\n<p>\u201cEn consecuencia, un equipo multidisciplinario forense realiz\u00f3 las diligencias correspondientes, logrando confirmar su identidad.Con pleno respeto a la v\u00edctima, se notific\u00f3 oportunamente a sus familiares, manteniendo en todo momento una actuaci\u00f3n sensible\u201d, detall\u00f3 en el texto.<\/p>\n\n\n\n<p>El 6 de julio pasado, la Secretar\u00eda de Seguridad y Protecci\u00f3n Ciudadana (SSPC) anunci\u00f3 la Estrategia Nacional Contra la Extorsi\u00f3n, con la que se busca contener 66% de los casos de ese delito, que actualmente se concentra en ocho estados, en donde Veracruz aparece en el lugar n\u00famero cinco.<\/p>\n\n\n\n<p>El titular de la dependencia, Omar Garc\u00eda Harfuch, inform\u00f3 que las entidades donde se acumula ese porcentaje de las extorsiones a nivel nacional son los siguientes:<\/p>\n\n\n\n<p>Estado de M\u00e9xico<br>Guanajuato<br>Nuevo Le\u00f3n<br>Ciudad de M\u00e9xico<br>Veracruz<br>Jalisco<br>Guerrero<br>Michoac\u00e1n.<\/p>\n\n\n\n<p>(Informaci\u00f3n de \u201cExpansi\u00f3n Pol\u00edtica\u201d)<\/p>\n","protected":false},"excerpt":{"rendered":"<p>Redacci\u00f3n\/Zona Roja Cdmx. Ciudad de M\u00e9xico, a 25 de julio de 2025.- La Fiscal\u00eda General&hellip;<\/p>\n","protected":false},"author":2,"featured_media":82783,"comment_status":"closed","ping_status":"open","sticky":false,"template":"","format":"standard","meta":{"_lmt_disableupdate":"","_lmt_disable":"","_jetpack_memberships_contains_paid_content":false,"footnotes":""},"categories":[109,51],"tags":[4373],"class_list":["post-82782","post","type-post","status-publish","format-standard","has-post-thumbnail","hentry","category-minuto-a-minuto","category-zona-roja","tag-irma-hernandez-cruz"],"jetpack_featured_media_url":"https:\/\/zonaroja.com.mx\/wp-content\/uploads\/2025\/07\/Maestra-y-taxista-asesinada-Veracruz.jpg","jetpack_sharing_enabled":true,"_links":{"self":[{"href":"https:\/\/zonaroja.com.mx\/index.php?rest_route=\/wp\/v2\/posts\/82782","targetHints":{"allow":["GET"]}}],"collection":[{"href":"https:\/\/zonaroja.com.mx\/index.php?rest_route=\/wp\/v2\/posts"}],"about":[{"href":"https:\/\/zonaroja.com.mx\/index.php?rest_route=\/wp\/v2\/types\/post"}],"author":[{"embeddable":true,"href":"https:\/\/zonaroja.com.mx\/index.php?rest_route=\/wp\/v2\/users\/2"}],"replies":[{"embeddable":true,"href":"https:\/\/zonaroja.com.mx\/index.php?rest_route=%2Fwp%2Fv2%2Fcomments&post=82782"}],"version-history":[{"count":1,"href":"https:\/\/zonaroja.com.mx\/index.php?rest_route=\/wp\/v2\/posts\/82782\/revisions"}],"predecessor-version":[{"id":82784,"href":"https:\/\/zonaroja.com.mx\/index.php?rest_route=\/wp\/v2\/posts\/82782\/revisions\/82784"}],"wp:featuredmedia":[{"embeddable":true,"href":"https:\/\/zonaroja.com.mx\/index.php?rest_route=\/wp\/v2\/media\/82783"}],"wp:attachment":[{"href":"https:\/\/zonaroja.com.mx\/index.php?rest_route=%2Fwp%2Fv2%2Fmedia&parent=82782"}],"wp:term":[{"taxonomy":"category","embeddable":true,"href":"https:\/\/zonaroja.com.mx\/index.php?rest_route=%2Fwp%2Fv2%2Fcategories&post=82782"},{"taxonomy":"post_tag","embeddable":true,"href":"https:\/\/zonaroja.com.mx\/index.php?rest_route=%2Fwp%2Fv2%2Ftags&post=82782"}],"curies":[{"name":"wp","href":"https:\/\/api.w.org\/{rel}","templated":true}]}}