{"id":82787,"date":"2025-07-25T10:15:00","date_gmt":"2025-07-25T16:15:00","guid":{"rendered":"https:\/\/zonaroja.com.mx\/?p=82787"},"modified":"2025-07-25T07:10:34","modified_gmt":"2025-07-25T13:10:34","slug":"dictan-66-anos-de-prision-a-feminicida-de-xoxocotlan","status":"publish","type":"post","link":"https:\/\/zonaroja.com.mx\/?p=82787","title":{"rendered":"Dictan 66 a\u00f1os de prisi\u00f3n a feminicida de Xoxocotl\u00e1n"},"content":{"rendered":"\n<p>Redacci\u00f3n\/Zona Roja.&nbsp;<\/p>\n\n\n\n<p>Oaxaca, Oax., a 25 de julio de 2025.- Como resultado de las investigaciones ministeriales especializadas con perspectiva de g\u00e9nero, la Fiscal\u00eda General del Estado de Oaxaca (FGEO) obtuvo sentencia condenatoria de 66 a\u00f1os de prisi\u00f3n en contra de una persona del sexo masculino identificada como V\u00edctor M.P., responsable por el delito de feminicidio agravado, hechos ocurridos en el municipio de Santa Cruz Xoxocotl\u00e1n.<\/p>\n\n\n\n<p>De acuerdo con la causa penal, los hechos ocurrieron el 4 de febrero de 2023, en un domicilio ubicado en la calle \u00c9bano de la colonia Ex Hacienda Candiani perteneciente al municipio de Santa Cruz Xoxocotl\u00e1n, lugar donde el hoy sentenciado atac\u00f3 con un objeto contundente a la v\u00edctima, una mujer identificada como B.R.R., infligiendo lesiones que le provocaron la muerte.<\/p>\n\n\n\n<p>La investigaci\u00f3n detalla que, despu\u00e9s de estos hechos y tras la ausencia de la v\u00edctima, tres d\u00edas despu\u00e9s, es decir, el 7 de febrero de 2023, fue reportada como No Localizada, siendo encontrada sin vida el d\u00eda 10 de febrero en el domicilio mencionado.<\/p>\n\n\n\n<p>Ante estos hechos, la FGEO inici\u00f3 una exhaustiva investigaci\u00f3n, a trav\u00e9s de la Fiscal\u00eda Especializada para la Atenci\u00f3n a Delitos contra la Mujer por Raz\u00f3n de G\u00e9nero y la Fiscal\u00eda para la Atenci\u00f3n e Investigaci\u00f3n de Feminicidios, logrando obtener elementos de prueba suficientes para presentar ante el juez al imputado V\u00edctor M.P., con quien la v\u00edctima mantuvo una relaci\u00f3n sentimental por m\u00e1s de 10 a\u00f1os.<\/p>\n\n\n\n<p>Derivado de las investigaciones presentadas por la Fiscal\u00eda de Oaxaca, el Juez de la causa determin\u00f3 dictar sentencia condenatoria contra V\u00edctor M.P., a quien impusieron una pena de 66 a\u00f1os de prisi\u00f3n por el delito de feminicidio agravado, adem\u00e1s de una multa y un pago por reparaci\u00f3n del da\u00f1o.<\/p>\n\n\n\n<p>ASALTANTE IMPUTADO&nbsp;<\/p>\n\n\n\n<p>En otro caso, la Fiscal\u00eda General obtuvo auto de vinculaci\u00f3n a proceso y prisi\u00f3n preventiva en contra de una persona del sexo masculino identificado como F.V.R., por el delito de Robo a Casa Habitaci\u00f3n con Violencia en perjuicio patrimonial de F.R., ocurrido en la regi\u00f3n de los Valles Centrales.<\/p>\n\n\n\n<p>Conforme a lo establecido en el expediente penal, los hechos ocurrieron el 02 de mayo de 2025, cuando la v\u00edctima se encontraba junto con sus familiares en el interior de su domicilio ubicado en el Barrio \u00abLos Barritas\u00bb de la poblaci\u00f3n de San Jos\u00e9 del Cerro de las Huertas perteneciente a Ejutla de Crespo.<\/p>\n\n\n\n<p>La investigaci\u00f3n detalla que, a ese lugar irrumpi\u00f3 un grupo de personas armadas, entre las que se encontraba el imputado para exigirle una fuerte suma de dinero en efectivo pues supuestamente ten\u00edan como deuda con ellos, situaci\u00f3n que la v\u00edctima dijo desconocer.<\/p>\n\n\n\n<p>Por lo anterior y al no tener respuestas a su favor, los agresores amenazaron a la v\u00edctima y le quitaron una bolsa que conten\u00eda dinero en efectivo, para despu\u00e9s llevarla junto con su familia a otro sitio del mismo inmueble y amarrarlas de pies y manos para sustraer diversos objetos de valor de la casa habitaci\u00f3n, causando un perjuicio econ\u00f3mico y patrimonial a la v\u00edctima.<\/p>\n\n\n\n<p>Una vez interpuesta la denuncia, la Fiscal\u00eda de Oaxaca -a trav\u00e9s de la Vicefiscal\u00eda Regional de Valles Centrales- despleg\u00f3 un equipo multidisciplinario al lugar de los hechos para realizar las investigaciones ministeriales correspondientes, logrando obtener pruebas necesarias para la liberaci\u00f3n de una orden de aprehensi\u00f3n y posteriormente realizar la detenci\u00f3n de F.V.R., quien de acuerdo al cotejo de datos, se estableci\u00f3 que el imputado era objetivo prioritario por su probable participaci\u00f3n en diferentes robos a casas perpetrados en esa zona de Ejutla de Crespo.<\/p>\n\n\n\n<p>Una vez que los Agentes Estatales de Investigaci\u00f3n (AEI) lograron su captura, lo presentaron ante la autoridad que los requiri\u00f3 para su proceso legal correspondiente.<\/p>\n\n\n\n<p>Tras las respectivas audiencias, el Juez que atiende la causa, valor\u00f3 las pruebas aportadas por la FGEO y dict\u00f3 vinculaci\u00f3n a proceso en contra de F.V.R., por el delito de Robo a Casa Habitaci\u00f3n con Violencia e impuso la medida cautelar de prisi\u00f3n preventiva justificada, otorgando un mes de plazo para el cierre de la investigaci\u00f3n complementaria.<\/p>\n","protected":false},"excerpt":{"rendered":"<p>Redacci\u00f3n\/Zona Roja.&nbsp; Oaxaca, Oax., a 25 de julio de 2025.- Como resultado de las investigaciones&hellip;<\/p>\n","protected":false},"author":2,"featured_media":82788,"comment_status":"closed","ping_status":"open","sticky":false,"template":"","format":"standard","meta":{"_lmt_disableupdate":"","_lmt_disable":"","_jetpack_memberships_contains_paid_content":false,"footnotes":""},"categories":[109,46],"tags":[494],"class_list":["post-82787","post","type-post","status-publish","format-standard","has-post-thumbnail","hentry","category-minuto-a-minuto","category-zona-blanca","tag-fiscalia-general-del-estado-de-oaxaca"],"jetpack_featured_media_url":"https:\/\/zonaroja.com.mx\/wp-content\/uploads\/2025\/07\/Feminicida-sentenciado-Xoxocotlan.jpg","jetpack_sharing_enabled":true,"_links":{"self":[{"href":"https:\/\/zonaroja.com.mx\/index.php?rest_route=\/wp\/v2\/posts\/82787","targetHints":{"allow":["GET"]}}],"collection":[{"href":"https:\/\/zonaroja.com.mx\/index.php?rest_route=\/wp\/v2\/posts"}],"about":[{"href":"https:\/\/zonaroja.com.mx\/index.php?rest_route=\/wp\/v2\/types\/post"}],"author":[{"embeddable":true,"href":"https:\/\/zonaroja.com.mx\/index.php?rest_route=\/wp\/v2\/users\/2"}],"replies":[{"embeddable":true,"href":"https:\/\/zonaroja.com.mx\/index.php?rest_route=%2Fwp%2Fv2%2Fcomments&post=82787"}],"version-history":[{"count":1,"href":"https:\/\/zonaroja.com.mx\/index.php?rest_route=\/wp\/v2\/posts\/82787\/revisions"}],"predecessor-version":[{"id":82789,"href":"https:\/\/zonaroja.com.mx\/index.php?rest_route=\/wp\/v2\/posts\/82787\/revisions\/82789"}],"wp:featuredmedia":[{"embeddable":true,"href":"https:\/\/zonaroja.com.mx\/index.php?rest_route=\/wp\/v2\/media\/82788"}],"wp:attachment":[{"href":"https:\/\/zonaroja.com.mx\/index.php?rest_route=%2Fwp%2Fv2%2Fmedia&parent=82787"}],"wp:term":[{"taxonomy":"category","embeddable":true,"href":"https:\/\/zonaroja.com.mx\/index.php?rest_route=%2Fwp%2Fv2%2Fcategories&post=82787"},{"taxonomy":"post_tag","embeddable":true,"href":"https:\/\/zonaroja.com.mx\/index.php?rest_route=%2Fwp%2Fv2%2Ftags&post=82787"}],"curies":[{"name":"wp","href":"https:\/\/api.w.org\/{rel}","templated":true}]}}