{"id":82800,"date":"2025-07-25T14:22:00","date_gmt":"2025-07-25T20:22:00","guid":{"rendered":"https:\/\/zonaroja.com.mx\/?p=82800"},"modified":"2025-07-25T08:23:05","modified_gmt":"2025-07-25T14:23:05","slug":"crece-percepcion-de-inseguridad-urbana-en-mexico","status":"publish","type":"post","link":"https:\/\/zonaroja.com.mx\/?p=82800","title":{"rendered":"Crece percepci\u00f3n de inseguridad urbana en M\u00e9xico"},"content":{"rendered":"\n<p>Redacci\u00f3n\/Zona Roja Cdmx.<\/p>\n\n\n\n<p>Ciudad de M\u00e9xico, a 25 de julio de 2025.-&nbsp;La percepci\u00f3n de inseguridad urbana en M\u00e9xico alcanz\u00f3 su mayor nivel desde 2022.&nbsp;<\/p>\n\n\n\n<p>En el tercer trimestre de la administraci\u00f3n de Claudia Sheinbaum Pardo, 63.2 por ciento de la poblaci\u00f3n de 18 a\u00f1os y m\u00e1s, residente en 91 \u00e1reas urbanas en M\u00e9xico, consider\u00f3 que es inseguro vivir en su ciudad, revel\u00f3 el Instituto Nacional de Estad\u00edstica y Geograf\u00eda (Inegi).<\/p>\n\n\n\n<p>Al presentar los resultados de la Encuesta Nacional de Seguridad P\u00fablica Urbana (Ensu), la percepci\u00f3n de inseguridad p\u00fablica de junio represent\u00f3 un cambio estad\u00edsticamente significativo en comparaci\u00f3n con marzo (61.9 por ciento) de 2025 y junio (59.4 por ciento) de 2024, hilando as\u00ed, tres trimestres consecutivos de alza.<\/p>\n\n\n\n<p>Tras el m\u00ednimo hist\u00f3rico que alcanz\u00f3 en septiembre de 2024 (58.6 por ciento), desde que el Inegi empez\u00f3 a presentar la Ensu en 2013, la percepci\u00f3n de la inseguridad retom\u00f3 lecturas ascendentes.<\/p>\n\n\n\n<p>La percepci\u00f3n de inseguridad en Culiac\u00e1n se dispar\u00f3, pues en el primer semestre de 2024 rond\u00f3 40 por ciento y al cierre del segundo trimestre de 2025 escal\u00f3 hasta 90 por ciento.<\/p>\n\n\n\n<p>En esta edici\u00f3n de la Ensu, 16 \u00e1reas urbanas de inter\u00e9s presentaron cambios estad\u00edsticamente significativos frente a marzo de 2025: seis con reducciones y 10 con incrementos.<\/p>\n\n\n\n<p>En junio de 2025, dos tercios de las mujeres y 56.7 por ciento de los hombres consideraron que vivir en su ciudad era inseguro. En ambos casos, tambi\u00e9n fueron los mayores niveles desde 2022.<\/p>\n\n\n\n<p>En cuanto a la percepci\u00f3n de inseguridad en espacios f\u00edsicos espec\u00edficos, en junio de 2025, siete de cada 10 personas manifestaron sentirse vulnerables en los cajeros autom\u00e1ticos localizados en la v\u00eda p\u00fablica; 65 por ciento en el transporte p\u00fablico; 63.7 por ciento en las calles y 57.9 por ciento en la carretera.<\/p>\n\n\n\n<p>Culiac\u00e1n, extorsi\u00f3n y carreteras<\/p>\n\n\n\n<p>Las \u00e1reas urbanas con mayor porcentaje de personas de 18 a\u00f1os y m\u00e1s que consideraron que vivir en su ciudad no era seguro fueron Culiac\u00e1n, con 90.8 por ciento, lo que coincide con los enfrentamientos armados de grupos delictivos.<\/p>\n\n\n\n<p>Le siguen Ecatepec de Morelos, con 90.7; Uruapan, con 89.5; Tapachula, con 88.1, y Ciudad Obreg\u00f3n, con 88 por ciento. En contraste, las ciudades con menor percepci\u00f3n de inseguridad fueron San Pedro Garza Garc\u00eda, con 11 por ciento; Piedras Negras, con 16.9; Benito Ju\u00e1rez, con 22; Saltillo, con 23.5, y Puerto Vallarta, con 27.3 por ciento.<\/p>\n\n\n\n<p>Durante el primer semestre de 2025, se estima que 30.8 por ciento de los hogares tuvo, como m\u00ednimo, un integrante que fue v\u00edctima de al menos un delito.<\/p>\n\n\n\n<p>La Ensu estim\u00f3 que 12.6 por ciento de los hogares urbanos fueron v\u00edctimas de extorsi\u00f3n, el mayor porcentaje desde que se tiene registro.<\/p>\n\n\n\n<p>En junio, 57.9 por ciento de la poblaci\u00f3n extern\u00f3 sentirse insegura en las carreteras, nivel superior al 56.1 por ciento de marzo pasado y al 53.7 por ciento de junio de 2024.<\/p>\n\n\n\n<p>La Ensu indaga la percepci\u00f3n respecto a las labores de prevenci\u00f3n y combate a la delincuencia de diversas autoridades, 87.5 por ciento de los encuestados atribuyeron un desempe\u00f1o efectivo a la Marina, 84 a la Fuerza A\u00e9rea Mexicana y 83.1 por ciento al Ej\u00e9rcito.<\/p>\n\n\n\n<p>(Informaci\u00f3n de \u201cLa Jornada\u201d)<\/p>\n","protected":false},"excerpt":{"rendered":"<p>Redacci\u00f3n\/Zona Roja Cdmx. Ciudad de M\u00e9xico, a 25 de julio de 2025.-&nbsp;La percepci\u00f3n de inseguridad&hellip;<\/p>\n","protected":false},"author":2,"featured_media":67565,"comment_status":"closed","ping_status":"open","sticky":false,"template":"","format":"standard","meta":{"_lmt_disableupdate":"","_lmt_disable":"","_jetpack_memberships_contains_paid_content":false,"footnotes":""},"categories":[109,47],"tags":[],"class_list":["post-82800","post","type-post","status-publish","format-standard","has-post-thumbnail","hentry","category-minuto-a-minuto","category-zona-gris"],"jetpack_featured_media_url":"https:\/\/zonaroja.com.mx\/wp-content\/uploads\/2024\/04\/Inseguridad-asalto-amenaza.jpg","jetpack_sharing_enabled":true,"_links":{"self":[{"href":"https:\/\/zonaroja.com.mx\/index.php?rest_route=\/wp\/v2\/posts\/82800","targetHints":{"allow":["GET"]}}],"collection":[{"href":"https:\/\/zonaroja.com.mx\/index.php?rest_route=\/wp\/v2\/posts"}],"about":[{"href":"https:\/\/zonaroja.com.mx\/index.php?rest_route=\/wp\/v2\/types\/post"}],"author":[{"embeddable":true,"href":"https:\/\/zonaroja.com.mx\/index.php?rest_route=\/wp\/v2\/users\/2"}],"replies":[{"embeddable":true,"href":"https:\/\/zonaroja.com.mx\/index.php?rest_route=%2Fwp%2Fv2%2Fcomments&post=82800"}],"version-history":[{"count":1,"href":"https:\/\/zonaroja.com.mx\/index.php?rest_route=\/wp\/v2\/posts\/82800\/revisions"}],"predecessor-version":[{"id":82801,"href":"https:\/\/zonaroja.com.mx\/index.php?rest_route=\/wp\/v2\/posts\/82800\/revisions\/82801"}],"wp:featuredmedia":[{"embeddable":true,"href":"https:\/\/zonaroja.com.mx\/index.php?rest_route=\/wp\/v2\/media\/67565"}],"wp:attachment":[{"href":"https:\/\/zonaroja.com.mx\/index.php?rest_route=%2Fwp%2Fv2%2Fmedia&parent=82800"}],"wp:term":[{"taxonomy":"category","embeddable":true,"href":"https:\/\/zonaroja.com.mx\/index.php?rest_route=%2Fwp%2Fv2%2Fcategories&post=82800"},{"taxonomy":"post_tag","embeddable":true,"href":"https:\/\/zonaroja.com.mx\/index.php?rest_route=%2Fwp%2Fv2%2Ftags&post=82800"}],"curies":[{"name":"wp","href":"https:\/\/api.w.org\/{rel}","templated":true}]}}