{"id":82808,"date":"2025-07-25T20:28:23","date_gmt":"2025-07-26T02:28:23","guid":{"rendered":"https:\/\/zonaroja.com.mx\/?p=82808"},"modified":"2025-07-25T20:28:25","modified_gmt":"2025-07-26T02:28:25","slug":"matan-dos-personas-en-la-mixteca-y-a-una-en-el-istmo","status":"publish","type":"post","link":"https:\/\/zonaroja.com.mx\/?p=82808","title":{"rendered":"Matan dos personas en la Mixteca y a una en el Istmo"},"content":{"rendered":"\n<p>Raymundo Morales\/Zona Roja.<\/p>\n\n\n\n<p>Oaxaca, Oax., a 25 de julio de 2025.- Dos personas fueron asesinadas a balazos este viernes en los l\u00edmites de Huajuapan de Le\u00f3n con el municipio de Zapotitl\u00e1n Palmas.<\/p>\n\n\n\n<p>Los cuerpos, que estaban maniatados, con huellas de tortura e impactos de arma de fuego, entre ellos en la cabeza, fueron localizados en inmediaciones del paraje \u201cLas Antenas\u201d.<\/p>\n\n\n\n<p>Hasta esta noche las v\u00edctimas no han sido identificadas y personal de la Vicefiscal\u00eda Regional de la Mixteca, de la Fiscal\u00eda General del Estado de Oaxaca, realiza las indagatorias correspondientes.<\/p>\n\n\n\n<p>Por otra parte, esta tarde en el municipio de Santo Domingo Tehuantepec fue localizado un cuerpo sin vida, con varios impactos de arma de fuego.<\/p>\n\n\n\n<p>Fue hallado en un camino de terracer\u00eda de la colonia El Jord\u00e1n, del ejido Guichivere.<\/p>\n\n\n\n<p>De manera preliminar, la v\u00edctima fue identificada como Jes\u00fas B., originario de Juchit\u00e1n de Zaragoza. En el sitio se hallaron varios casquillos de arma calibre nueve mil\u00edmetros.<\/p>\n\n\n\n<p>La Vicefiscal\u00eda Regional del Istmo realiza las labores periciales correspondientes con la finalidad de dar con el paradero del o de los homicidas.<\/p>\n","protected":false},"excerpt":{"rendered":"<p>Raymundo Morales\/Zona Roja. Oaxaca, Oax., a 25 de julio de 2025.- Dos personas fueron asesinadas&hellip;<\/p>\n","protected":false},"author":2,"featured_media":82809,"comment_status":"closed","ping_status":"open","sticky":false,"template":"","format":"standard","meta":{"_lmt_disableupdate":"","_lmt_disable":"","_jetpack_memberships_contains_paid_content":false,"footnotes":""},"categories":[109,51],"tags":[594,125],"class_list":["post-82808","post","type-post","status-publish","format-standard","has-post-thumbnail","hentry","category-minuto-a-minuto","category-zona-roja","tag-huajuapan-de-leon","tag-santo-domingo-tehuantepec"],"jetpack_featured_media_url":"https:\/\/zonaroja.com.mx\/wp-content\/uploads\/2025\/07\/Dos-asesinados-Zapotitlan-Huajuapan.jpeg","jetpack_sharing_enabled":true,"_links":{"self":[{"href":"https:\/\/zonaroja.com.mx\/index.php?rest_route=\/wp\/v2\/posts\/82808","targetHints":{"allow":["GET"]}}],"collection":[{"href":"https:\/\/zonaroja.com.mx\/index.php?rest_route=\/wp\/v2\/posts"}],"about":[{"href":"https:\/\/zonaroja.com.mx\/index.php?rest_route=\/wp\/v2\/types\/post"}],"author":[{"embeddable":true,"href":"https:\/\/zonaroja.com.mx\/index.php?rest_route=\/wp\/v2\/users\/2"}],"replies":[{"embeddable":true,"href":"https:\/\/zonaroja.com.mx\/index.php?rest_route=%2Fwp%2Fv2%2Fcomments&post=82808"}],"version-history":[{"count":1,"href":"https:\/\/zonaroja.com.mx\/index.php?rest_route=\/wp\/v2\/posts\/82808\/revisions"}],"predecessor-version":[{"id":82810,"href":"https:\/\/zonaroja.com.mx\/index.php?rest_route=\/wp\/v2\/posts\/82808\/revisions\/82810"}],"wp:featuredmedia":[{"embeddable":true,"href":"https:\/\/zonaroja.com.mx\/index.php?rest_route=\/wp\/v2\/media\/82809"}],"wp:attachment":[{"href":"https:\/\/zonaroja.com.mx\/index.php?rest_route=%2Fwp%2Fv2%2Fmedia&parent=82808"}],"wp:term":[{"taxonomy":"category","embeddable":true,"href":"https:\/\/zonaroja.com.mx\/index.php?rest_route=%2Fwp%2Fv2%2Fcategories&post=82808"},{"taxonomy":"post_tag","embeddable":true,"href":"https:\/\/zonaroja.com.mx\/index.php?rest_route=%2Fwp%2Fv2%2Ftags&post=82808"}],"curies":[{"name":"wp","href":"https:\/\/api.w.org\/{rel}","templated":true}]}}