{"id":82811,"date":"2025-07-26T07:38:00","date_gmt":"2025-07-26T13:38:00","guid":{"rendered":"https:\/\/zonaroja.com.mx\/?p=82811"},"modified":"2025-07-26T06:41:46","modified_gmt":"2025-07-26T12:41:46","slug":"se-hacia-pasar-por-mp-de-la-fiscalia-para-extorsionar-en-la-costa-de-oaxaca","status":"publish","type":"post","link":"https:\/\/zonaroja.com.mx\/?p=82811","title":{"rendered":"Se hac\u00eda pasar por MP de la Fiscal\u00eda para extorsionar en la Costa de Oaxaca"},"content":{"rendered":"\n<p>Redacci\u00f3n\/Zona Roja.&nbsp;<\/p>\n\n\n\n<p>Oaxaca, Oax., a 26 de julio de 2025.- En una acci\u00f3n inmediata, la Fiscal\u00eda General del Estado de Oaxaca (FGEO) realiz\u00f3 la detenci\u00f3n en flagrancia de una persona del sexo masculino identificada por las iniciales I.M.T., por el delito de Usurpaci\u00f3n de Funciones, luego de hacerse pasar por Agente del Ministerio P\u00fablico de la Instituci\u00f3n procuradora de justicia, hechos ocurridos en la regi\u00f3n de la Costa.<\/p>\n\n\n\n<p>De acuerdo con la carpeta de investigaci\u00f3n, el 18 de julio del a\u00f1o 2025, se recibi\u00f3 la denuncia ciudadana por parte de la v\u00edctima, quien report\u00f3 la llamada telef\u00f3nica de una persona que se present\u00f3 como Agente del Ministerio P\u00fablico, adem\u00e1s que le ofreci\u00f3 liberar a un familiar por la cantidad de 40 mil pesos.<\/p>\n\n\n\n<p>La investigaci\u00f3n revela que, la v\u00edctima ten\u00eda que realizar el dep\u00f3sito de 10 mil pesos para asegurar el trato y el resto del pago tendr\u00eda que ser entregado en efectivo frente a las instalaciones de la Vicefiscal\u00eda Regional de Santiago Pinotepa Nacional.<\/p>\n\n\n\n<p>Ante la denuncia, elementos de la Agencia Estatal de Investigaciones (AEI) adscritos a la Vicefiscal\u00eda Regional de la Costa realizaron un operativo, en el que se logr\u00f3 la detenci\u00f3n en flagrancia de I.M.T., a quien se le asegur\u00f3 la cantidad de 43 mil 70 pesos en efectivo.<\/p>\n\n\n\n<p>Luego de verificar su identidad y cotejarla con la base de datos de la FGEO, se estableci\u00f3 que esta persona anteriormente se desempe\u00f1aba como Agente del Ministerio p\u00fablico de la Fiscal\u00eda del Estado de Oaxaca, pero actualmente ya no ostenta el cargo, por lo que se le notific\u00f3 que quedaba detenido y fue puesto a disposici\u00f3n de las autoridades correspondientes para determinar su situaci\u00f3n legal.<\/p>\n\n\n\n<p>La Fiscal\u00eda General del Estado de Oaxaca tiene cero tolerancia ante este tipo de conductas en las que pretenden realizar actos il\u00edcitos haci\u00e9ndose pasar por elementos activos de este organismo aut\u00f3nomo, por lo que se hace un llamado a la ciudadan\u00eda para no dejarse sorprender por personas y que la sociedad civil est\u00e1 en el derecho de solicitar identificaciones oficiales a quien se presente como funcionario o funcionaria.<\/p>\n\n\n\n<p>DEUDOR ALIMENTARIO SENTENCIADO<\/p>\n\n\n\n<p>En otro caso, la Fiscal\u00eda General obtuvo una sentencia condenatoria contra la persona del sexo masculino identificada como U.L.G., por su responsabilidad en el incumplimiento de las obligaciones alimentarias en agravio de su propio hijo (menor de edad cuya identidad es reservada por ley), cometido en San Juan Bautista Cuicatl\u00e1n,&nbsp;regi\u00f3n de la Ca\u00f1ada.<\/p>\n\n\n\n<p>De acuerdo con la causa penal del caso, el hoy sentenciado incumpli\u00f3 con las obligaciones impuestas por un Juez Familiar, quien fij\u00f3 desde el 10 de junio del 2021, el pago de pensi\u00f3n alimentaria a favor de su hijo, orden que ten\u00eda que cumplir la persona sentenciada.<\/p>\n\n\n\n<p>La investigaci\u00f3n revela que, desde el mes de noviembre del 2021 hasta el mes de octubre del 2022, el responsable dej\u00f3 de proveer lo establecido por el Juez de la causa a favor de la v\u00edctima.<\/p>\n\n\n\n<p>Ante tal situaci\u00f3n y tras la denuncia interpuesta ante la FGEO, se iniciaron los trabajos de investigaci\u00f3n a cargo de la Vicefiscal\u00eda General de Control Regional, logrando obtener una orden de aprehensi\u00f3n en contra de U.L.G., para despu\u00e9s llevarlo ante el Juez que lo requiri\u00f3 quien, tras validar los datos probatorios, determin\u00f3 vincularlo a proceso.<\/p>\n\n\n\n<p>En audiencia de debate, el Tribunal de Enjuiciamiento dict\u00f3 sentencia condenatoria en contra de U.L.G., por su responsabilidad en el incumplimiento de las obligaciones alimentarias, imponiendo la pena de 6 a\u00f1os de prisi\u00f3n, as\u00ed como el pago de una multa y el pago por concepto de la reparaci\u00f3n del da\u00f1o a favor de la v\u00edctima.<\/p>\n\n\n\n<p>PEDERASTA DETENIDO<\/p>\n\n\n\n<p>Por otra parte, la Fiscal\u00eda General dio cumplimiento una orden de aprehensi\u00f3n que permiti\u00f3 la detenci\u00f3n de una persona del sexo masculino identificado como R.N.G., por el delito de pederastia agravada, ocurrido en Putla Villa de Guerrero.<\/p>\n\n\n\n<p>De acuerdo con el informe ministerial de la FGEO, fueron elementos de la Agencia Estatal de Investigaciones (AEI) quienes llevaron a cabo un operativo para realizar la detenci\u00f3n de R.N.G., cuando se encontraba en calles de la poblaci\u00f3n de Asunci\u00f3n Atoyaquillo perteneciente a Putla Villa de Guerrero, municipio de la Sierra Sur, por hechos ocurridos en el 2025 en que una menor de edad,- cuya identidad est\u00e1 reservada por ley- fue agredida sexualmente.<\/p>\n\n\n\n<p>Al tener conocimiento de los hechos, gracias a la denuncia oportuna de las v\u00edctimas, la FGEO inici\u00f3 las investigaciones ministeriales correspondientes con perspectiva de infancia a trav\u00e9s de la Vicefiscal\u00eda Regional de la Mixteca, logrando obtener una orden de aprehensi\u00f3n en contra de R.N.G., quien luego de su detenci\u00f3n fue presentado ante el Ministerio P\u00fablico para su proceso legal correspondiente.<\/p>\n","protected":false},"excerpt":{"rendered":"<p>Redacci\u00f3n\/Zona Roja.&nbsp; Oaxaca, Oax., a 26 de julio de 2025.- En una acci\u00f3n inmediata, la&hellip;<\/p>\n","protected":false},"author":2,"featured_media":82812,"comment_status":"closed","ping_status":"open","sticky":false,"template":"","format":"standard","meta":{"_lmt_disableupdate":"","_lmt_disable":"","_jetpack_memberships_contains_paid_content":false,"footnotes":""},"categories":[109,46],"tags":[494],"class_list":["post-82811","post","type-post","status-publish","format-standard","has-post-thumbnail","hentry","category-minuto-a-minuto","category-zona-blanca","tag-fiscalia-general-del-estado-de-oaxaca"],"jetpack_featured_media_url":"https:\/\/zonaroja.com.mx\/wp-content\/uploads\/2025\/07\/Detenido-MP-Fiscalia-costa.jpg","jetpack_sharing_enabled":true,"_links":{"self":[{"href":"https:\/\/zonaroja.com.mx\/index.php?rest_route=\/wp\/v2\/posts\/82811","targetHints":{"allow":["GET"]}}],"collection":[{"href":"https:\/\/zonaroja.com.mx\/index.php?rest_route=\/wp\/v2\/posts"}],"about":[{"href":"https:\/\/zonaroja.com.mx\/index.php?rest_route=\/wp\/v2\/types\/post"}],"author":[{"embeddable":true,"href":"https:\/\/zonaroja.com.mx\/index.php?rest_route=\/wp\/v2\/users\/2"}],"replies":[{"embeddable":true,"href":"https:\/\/zonaroja.com.mx\/index.php?rest_route=%2Fwp%2Fv2%2Fcomments&post=82811"}],"version-history":[{"count":1,"href":"https:\/\/zonaroja.com.mx\/index.php?rest_route=\/wp\/v2\/posts\/82811\/revisions"}],"predecessor-version":[{"id":82813,"href":"https:\/\/zonaroja.com.mx\/index.php?rest_route=\/wp\/v2\/posts\/82811\/revisions\/82813"}],"wp:featuredmedia":[{"embeddable":true,"href":"https:\/\/zonaroja.com.mx\/index.php?rest_route=\/wp\/v2\/media\/82812"}],"wp:attachment":[{"href":"https:\/\/zonaroja.com.mx\/index.php?rest_route=%2Fwp%2Fv2%2Fmedia&parent=82811"}],"wp:term":[{"taxonomy":"category","embeddable":true,"href":"https:\/\/zonaroja.com.mx\/index.php?rest_route=%2Fwp%2Fv2%2Fcategories&post=82811"},{"taxonomy":"post_tag","embeddable":true,"href":"https:\/\/zonaroja.com.mx\/index.php?rest_route=%2Fwp%2Fv2%2Ftags&post=82811"}],"curies":[{"name":"wp","href":"https:\/\/api.w.org\/{rel}","templated":true}]}}