{"id":82814,"date":"2025-07-26T08:44:00","date_gmt":"2025-07-26T14:44:00","guid":{"rendered":"https:\/\/zonaroja.com.mx\/?p=82814"},"modified":"2025-07-26T07:09:22","modified_gmt":"2025-07-26T13:09:22","slug":"preocupa-a-sector-turistico-de-huatulco-baja-afluencia-de-visitantes","status":"publish","type":"post","link":"https:\/\/zonaroja.com.mx\/?p=82814","title":{"rendered":"Preocupa a sector tur\u00edstico de Huatulco baja afluencia de visitantes"},"content":{"rendered":"\n<p>Lisbeth Mej\u00eda Reyes\/Zona Roja.<\/p>\n\n\n\n<p>Oaxaca, Oax., a 26 de julio de 2025.- Luego que la presidenta de la Asociaci\u00f3n de Hoteles de Huatulco (AHH), Angie Ang\u00f3n Cano, calific\u00f3 \u00abcomo alarmantes los indicadores de ocupaci\u00f3n hotelera y capacidad a\u00e9rea\u00bb de Bah\u00edas de Huatulco desde mayo, la Secretar\u00eda de Turismo del estado de Oaxaca reconoci\u00f3 la disminuci\u00f3n de rutas y de llegada de pasajeros en el aeropuerto de ese destino.<\/p>\n\n\n\n<p>Al destacar que en los \u00faltimos d\u00eda el aeropuerto Internacional de Xoxocotl\u00e1n tuvo 76 frecuencias, con 12 mil 850 asientos ofertados y una ocupaci\u00f3n a\u00e9rea estimada del 91.34 por ciento, la titular de la Sectur Oaxaca, Saymi Pineda, se\u00f1al\u00f3 que hay un buen panorama en Puerto Escondido, pero que \u00abestamos un poquito bajos en Bah\u00edas de Huatulco\u00bb.<\/p>\n\n\n\n<p>Ante esta situaci\u00f3n, explic\u00f3 que hay di\u00e1logo con Magui Arroyo, quien representa a ASUR en el aeropuerto de Huatulco, para que se reactiven rutas importantes con la aerol\u00ednea Volaris. Adem\u00e1s de que pronto se habilitar\u00e1n vuelos desde Chicago, Estados Unidos.<\/p>\n\n\n\n<p>Pineda asegur\u00f3 que la Secretar\u00eda de Turismo federal apoyar\u00e1 en la promoci\u00f3n internacional a fin de incrementar \u00abeste porcentaje que est\u00e1 perdiendo Bah\u00edas de Huatulco\u00bb.<\/p>\n\n\n\n<p>Sin embargo, neg\u00f3 que \u00abalgo est\u00e9 mal\u00bb en destino tur\u00edstico \u00absino que estamos teniendo mayor oferta en la zona de Puerto Escondido, en la zona de Tututepec, y tambi\u00e9n tuvo que ver mucho el hurac\u00e1n \u201cErick\u201d, aunque ya muchos destinos est\u00e1 de pie. Sin embargo, eso ocasion\u00f3 algunas cancelaciones (en Huatulco)\u00bb.<\/p>\n\n\n\n<p>El jueves, el periodista Omar Gasga public\u00f3 la entrevista con Angie Ang\u00f3n Cano, tambi\u00e9n gerente de los hoteles Dreams Huatulco y Secrets Huatulco, quien explic\u00f3 que las expectativas de la temporada de vacaciones de verano no se han concretado y que uno de los factores es el hurac\u00e1n \u201cErick\u201d, que afect\u00f3 a este centro tur\u00edstico en junio y que gener\u00f3 cancelaciones en hoteles hasta el mes de agosto. Aunque aclar\u00f3 que los problemas del tr\u00e1fico a\u00e9reo vienen desde mayo.<\/p>\n\n\n\n<p>De acuerdo con la entrevista de Gasga, la representante de las y los hoteleros en Huatulco se\u00f1ala que se ha reducido la capacidad a\u00e9rea para la temporada de verano, lo que se observa en la disminuci\u00f3n de la disponibilidad de asientos en un 13 y 11 por ciento para julio y agosto, respectivamente.&nbsp;<\/p>\n\n\n\n<p>Adem\u00e1s de que de los m\u00e1s de 73 mil pasajeros tenidos en junio de 2024, en el de este a\u00f1o fueron por m\u00e1s de 52 mil 600. Es decir, una disminuci\u00f3n de casi 21 mil (casi el 30 por ciento).<\/p>\n\n\n\n<p>La falta de&nbsp; mantenimiento y el deterioro de la infraestructura tur\u00edstica tambi\u00e9n han sido factores que han incidido en este panorama desalentador de la actividad tur\u00edstica de Huatulco.<\/p>\n\n\n\n<p>\u00abVen\u00edamos arrastrando una deficiencia en el mantenimiento del centro tur\u00edstico que se ha agudizado de forma exponencial y no es la mejor carta de presentaci\u00f3n lo que tenemos ahora. Hemos limitado est\u00e1s visitas de grupos porque no se puede mostrar Huatulco en estos momentos ya que no es lo mejor que podemos ofrecer\u00bb, argument\u00f3.<\/p>\n","protected":false},"excerpt":{"rendered":"<p>Lisbeth Mej\u00eda Reyes\/Zona Roja. Oaxaca, Oax., a 26 de julio de 2025.- Luego que la&hellip;<\/p>\n","protected":false},"author":2,"featured_media":81340,"comment_status":"closed","ping_status":"open","sticky":false,"template":"","format":"standard","meta":{"_lmt_disableupdate":"","_lmt_disable":"","_jetpack_memberships_contains_paid_content":false,"footnotes":""},"categories":[109,46],"tags":[1336],"class_list":["post-82814","post","type-post","status-publish","format-standard","has-post-thumbnail","hentry","category-minuto-a-minuto","category-zona-blanca","tag-bahias-de-huatulco"],"jetpack_featured_media_url":"https:\/\/zonaroja.com.mx\/wp-content\/uploads\/2025\/06\/Consolida-Huatulco-su-conectividad-aerea-con-destinos-clave-3.jpeg","jetpack_sharing_enabled":true,"_links":{"self":[{"href":"https:\/\/zonaroja.com.mx\/index.php?rest_route=\/wp\/v2\/posts\/82814","targetHints":{"allow":["GET"]}}],"collection":[{"href":"https:\/\/zonaroja.com.mx\/index.php?rest_route=\/wp\/v2\/posts"}],"about":[{"href":"https:\/\/zonaroja.com.mx\/index.php?rest_route=\/wp\/v2\/types\/post"}],"author":[{"embeddable":true,"href":"https:\/\/zonaroja.com.mx\/index.php?rest_route=\/wp\/v2\/users\/2"}],"replies":[{"embeddable":true,"href":"https:\/\/zonaroja.com.mx\/index.php?rest_route=%2Fwp%2Fv2%2Fcomments&post=82814"}],"version-history":[{"count":2,"href":"https:\/\/zonaroja.com.mx\/index.php?rest_route=\/wp\/v2\/posts\/82814\/revisions"}],"predecessor-version":[{"id":82823,"href":"https:\/\/zonaroja.com.mx\/index.php?rest_route=\/wp\/v2\/posts\/82814\/revisions\/82823"}],"wp:featuredmedia":[{"embeddable":true,"href":"https:\/\/zonaroja.com.mx\/index.php?rest_route=\/wp\/v2\/media\/81340"}],"wp:attachment":[{"href":"https:\/\/zonaroja.com.mx\/index.php?rest_route=%2Fwp%2Fv2%2Fmedia&parent=82814"}],"wp:term":[{"taxonomy":"category","embeddable":true,"href":"https:\/\/zonaroja.com.mx\/index.php?rest_route=%2Fwp%2Fv2%2Fcategories&post=82814"},{"taxonomy":"post_tag","embeddable":true,"href":"https:\/\/zonaroja.com.mx\/index.php?rest_route=%2Fwp%2Fv2%2Ftags&post=82814"}],"curies":[{"name":"wp","href":"https:\/\/api.w.org\/{rel}","templated":true}]}}