{"id":82816,"date":"2025-07-26T09:45:00","date_gmt":"2025-07-26T15:45:00","guid":{"rendered":"https:\/\/zonaroja.com.mx\/?p=82816"},"modified":"2025-07-26T06:56:22","modified_gmt":"2025-07-26T12:56:22","slug":"gana-joven-zapoteca-de-oaxaca-el-premio-bellas-artes-de-literatura","status":"publish","type":"post","link":"https:\/\/zonaroja.com.mx\/?p=82816","title":{"rendered":"Gana joven zapoteca de Oaxaca el Premio Bellas Artes de Literatura"},"content":{"rendered":"\n<p>Raymundo Morales\/Zona Roja.<\/p>\n\n\n\n<p>Oaxaca, Oax., a 26 de julio de 2025.- Andrea G\u00f3mez, joven originaria de San Andr\u00e9s Yaa, Oaxaca, obtuvo el Premio Bellas Artes de Literatura en Lenguas Ind\u00edgenas 2025.<\/p>\n\n\n\n<p>La Secretar\u00eda de Cultura del Gobierno de M\u00e9xico y el Instituto Nacional de Bellas Artes y Literatura (INBAL), informaron que es la primera edici\u00f3n del certamen en la que los concursantes participaron con un libro in\u00e9dito de poes\u00eda, cuento, novela, cr\u00f3nica, ensayo creativo, minificci\u00f3n, dramaturgia o tradici\u00f3n oral.<\/p>\n\n\n\n<p>La escritora oaxaque\u00f1a gan\u00f3 el premio con su obra \u201cXaga tlhaz\u201d (\u201cMejillas de durazno\u201d), escrita en zapoteco.<\/p>\n\n\n\n<p>El jurado calificador, integrado por Celerina S\u00e1nchez, Fabiola Carrillo Tieco y Jaime Sak\u00e4sm\u00e4, decidi\u00f3 por unanimidad premiar el conjunto de cuentos por su excelente calidad literaria, que se refleja en una prosa accesible, pero con potencia po\u00e9tica, que mantiene la tensi\u00f3n narrativa de principio a fin.<\/p>\n\n\n\n<p>\u201cDurante toda la obra, la autora construye personajes con un car\u00e1cter humano potente, ya que no son ni buenos ni malos, sino complejos, contradictorios, que en \u00faltima instancia permiten una clara autocr\u00edtica a ciertas pr\u00e1cticas comunitarias\u201d, se lee en el acta firmada por los tres miembros del jurado.<\/p>\n\n\n\n<p>El documento a\u00f1ade que, en ese sentido, \u201ccada texto invita a una reflexi\u00f3n sobre la complejidad en los sistemas de pensamientos de nuestros pueblos\u201d.<\/p>\n\n\n\n<p>Andrea G\u00f3mez expone que, al ser la primera vez en que se premia a la mejor obra escrita en lenguas ind\u00edgenas por parte del INBAL, se sinti\u00f3 emocionada al recibir la noticia de su premiaci\u00f3n:&nbsp;<\/p>\n\n\n\n<p>\u201cSiempre es dif\u00edcil creer que vas a ganar porque s\u00e9 que es una convocatoria a nivel nacional y que tiene amplia participaci\u00f3n en muchos g\u00e9neros, y que hayan elegido mi obra \u2212que son cuentos\u2212, me siento muy emocionada\u201d.<\/p>\n\n\n\n<p>A\u00f1ade que \u201cXaga tlhaz\u201d (\u201cMejillas de durazno\u201d) es una colecci\u00f3n de siete cuentos que retratan la violencia en entornos rurales, desde la intimidad del hogar hasta el an\u00e1lisis de quienes ejercen y padecen esa violencia:&nbsp;<\/p>\n\n\n\n<p>\u201cEs un enfoque mucho m\u00e1s \u00edntimo y cercano. Yo retrato esa violencia que ocurre desde la casa, no solo desde la perspectiva de quienes la padecen, sino tambi\u00e9n de quienes la ejercen, es decir, comprender qu\u00e9 es lo que lleva a cometer ciertos actos\u201d.<\/p>\n\n\n\n<p>La tambi\u00e9n ganadora del Premio CaSa de creaci\u00f3n literaria en zapoteco en la categor\u00eda de narrativa conf\u00eda en que el nuevo galard\u00f3n incentive la creaci\u00f3n literaria en lenguas ind\u00edgenas.&nbsp;<\/p>\n\n\n\n<p>\u201cSobre todo porque se ampli\u00f3 este margen a cualquier tipo de escritura, es decir, no solamente se limit\u00f3 a alg\u00fan g\u00e9nero en particular, sino que fueron bienvenidos todos: novela, poes\u00eda, etc\u00e9tera\u201d.<\/p>\n\n\n\n<p>El Premio Bellas Artes de Literatura en Lenguas Ind\u00edgenas 2025 consiste en un reconocimiento y un est\u00edmulo econ\u00f3mico de 200 mil pesos para la ganadora.<\/p>\n\n\n\n<p>Andrea G\u00f3mez es zapoteca (bene walhall), naci\u00f3 el 13 de abril de 1990 en la comunidad de San Andr\u00e9s Ya\u00e1, Oaxaca.&nbsp;<\/p>\n\n\n\n<p>Su acercamiento a las letras surgi\u00f3 de la necesidad de contar historias sobre la cotidianidad rural en lengua zapoteca, por lo que ha tomado talleres de creaci\u00f3n literaria en lenguas ind\u00edgenas durante los \u00faltimos ocho a\u00f1os.<\/p>\n\n\n\n<p>En 2021 fue becaria de J\u00f3venes Creadores del Sistema Creaci\u00f3n en la disciplina Letras en lenguas ind\u00edgenas. En 2022 obtuvo el Premio CaSa (Centro de las Artes de San Agust\u00edn) de creaci\u00f3n literaria en zapoteco en la categor\u00eda de narrativa. En 2023, obtuvo la beca de Residencias Art\u00edsticas modalidad espec\u00edfica CALQ Quebec-Canad\u00e1.<\/p>\n","protected":false},"excerpt":{"rendered":"<p>Raymundo Morales\/Zona Roja. Oaxaca, Oax., a 26 de julio de 2025.- Andrea G\u00f3mez, joven originaria&hellip;<\/p>\n","protected":false},"author":2,"featured_media":82817,"comment_status":"closed","ping_status":"open","sticky":false,"template":"","format":"standard","meta":{"_lmt_disableupdate":"","_lmt_disable":"","_jetpack_memberships_contains_paid_content":false,"footnotes":""},"categories":[109,46],"tags":[4374],"class_list":["post-82816","post","type-post","status-publish","format-standard","has-post-thumbnail","hentry","category-minuto-a-minuto","category-zona-blanca","tag-andrea-gomez-escritora"],"jetpack_featured_media_url":"https:\/\/zonaroja.com.mx\/wp-content\/uploads\/2025\/07\/Escritora-Andrea-Gomez-Oaxaca.jpg","jetpack_sharing_enabled":true,"_links":{"self":[{"href":"https:\/\/zonaroja.com.mx\/index.php?rest_route=\/wp\/v2\/posts\/82816","targetHints":{"allow":["GET"]}}],"collection":[{"href":"https:\/\/zonaroja.com.mx\/index.php?rest_route=\/wp\/v2\/posts"}],"about":[{"href":"https:\/\/zonaroja.com.mx\/index.php?rest_route=\/wp\/v2\/types\/post"}],"author":[{"embeddable":true,"href":"https:\/\/zonaroja.com.mx\/index.php?rest_route=\/wp\/v2\/users\/2"}],"replies":[{"embeddable":true,"href":"https:\/\/zonaroja.com.mx\/index.php?rest_route=%2Fwp%2Fv2%2Fcomments&post=82816"}],"version-history":[{"count":1,"href":"https:\/\/zonaroja.com.mx\/index.php?rest_route=\/wp\/v2\/posts\/82816\/revisions"}],"predecessor-version":[{"id":82818,"href":"https:\/\/zonaroja.com.mx\/index.php?rest_route=\/wp\/v2\/posts\/82816\/revisions\/82818"}],"wp:featuredmedia":[{"embeddable":true,"href":"https:\/\/zonaroja.com.mx\/index.php?rest_route=\/wp\/v2\/media\/82817"}],"wp:attachment":[{"href":"https:\/\/zonaroja.com.mx\/index.php?rest_route=%2Fwp%2Fv2%2Fmedia&parent=82816"}],"wp:term":[{"taxonomy":"category","embeddable":true,"href":"https:\/\/zonaroja.com.mx\/index.php?rest_route=%2Fwp%2Fv2%2Fcategories&post=82816"},{"taxonomy":"post_tag","embeddable":true,"href":"https:\/\/zonaroja.com.mx\/index.php?rest_route=%2Fwp%2Fv2%2Ftags&post=82816"}],"curies":[{"name":"wp","href":"https:\/\/api.w.org\/{rel}","templated":true}]}}