{"id":82819,"date":"2025-07-26T10:45:00","date_gmt":"2025-07-26T16:45:00","guid":{"rendered":"https:\/\/zonaroja.com.mx\/?p=82819"},"modified":"2025-07-26T07:07:20","modified_gmt":"2025-07-26T13:07:20","slug":"van-tres-detenidos-por-asesinato-de-maestra-en-veracruz","status":"publish","type":"post","link":"https:\/\/zonaroja.com.mx\/?p=82819","title":{"rendered":"Van tres detenidos por asesinato de maestra en Veracruz"},"content":{"rendered":"\n<p>Redacci\u00f3n\/Zona Roja Cdmx.<\/p>\n\n\n\n<p>Ciudad de M\u00e9xico, a 26 de julio de 2025.- Tres presuntos integrantes del grupo \u201cSombra\u201d fueron detenidos presuntamente por estar vinculados al asesinato de la maestra jubilada Irma Hern\u00e1ndez Cruz, quien fue localizada sin vida al ser v\u00edctima de extorsi\u00f3n por parte de un grupo criminal en Veracruz.<\/p>\n\n\n\n<p>La detenidos son presuntos integrantes del grupo delictivo \u201cSombra\u201d, identificado como una escisi\u00f3n del C\u00e1rtel del Golfo con operaciones en Tamaulipas.<\/p>\n\n\n\n<p>Los arrestos ocurrieron en un operativo conjunto en el municipio de Cerro Azul, lim\u00edtrofe con \u00c1lamo Temapache, donde la v\u00edctima fue secuestrada.<\/p>\n\n\n\n<p>Los detenidos, V\u00edctor Manuel \u201cN\u201d, conocido como \u201cEl Cholo\u201d o \u201cMoyo\u201d, y Jos\u00e9 Manuel \u201cN\u201d, apodado \u201cEl Gast\u00f3n\u201d o \u201c\u00c1guila\u201d, son se\u00f1alados como miembros de la autodenominada Mafia Veracruzana.&nbsp;<\/p>\n\n\n\n<p>Durante el operativo, las autoridades aseguraron dos veh\u00edculos, un arma corta, cartuchos \u00fatiles, varios envoltorios con aparente droga, tel\u00e9fonos celulares y sobres amarillos.<\/p>\n\n\n\n<p>M\u00e1s tarde, en la noche del 25 de julio, la Fiscal\u00eda de Veracruz inform\u00f3 que, en una segunda acci\u00f3n, derivada de las investigaciones realizadas tras la detenci\u00f3n de V\u00edctor Manuel \u201cN\u201d y Jos\u00e9 Eduardo \u201cN\u201d, lograron la captura de Jeana Paola \u201cN\u201d, quien presuntamente pertenece a la misma c\u00e9lula delictiva.<\/p>\n\n\n\n<p>\u201cLa detenida, es de igual forma, investigada por su posible participaci\u00f3n en la privaci\u00f3n de la libertad de la v\u00edctima identificada con las iniciales I.H.C., registrada el pasado 18 de julio\u201d, inform\u00f3 la Fiscal\u00eda.<\/p>\n\n\n\n<p>Durante su detenci\u00f3n, le fue asegurada un arma de fuego, una libreta con lista de cobro de piso, bolsas peque\u00f1as con hierba verde seca con caracter\u00edsticas similares a las de la marihuana, cartuchos bal\u00edsticos, una maleta tipo mariconera y una camioneta con placas de circulaci\u00f3n del estado de Tamaulipas.<\/p>\n\n\n\n<p>El caso de Irma Hern\u00e1ndez Cruz ha generado una fuerte reacci\u00f3n en la sociedad local. La maestra, quien tambi\u00e9n era propietaria de dos taxis, fue hallada sin vida la noche del mi\u00e9rcoles 23 de julio en un rancho de la comunidad de Tepetzintlilla, en el municipio de \u00c1lamo Temapache.<\/p>\n\n\n\n<p>Seg\u00fan fuentes policiales, citadas por \u201cLa Silla Rota\u201d, la v\u00edctima fue asesinada a golpes, un dato que ha intensificado la indignaci\u00f3n p\u00fablica. Aunque en una declaraci\u00f3n de la gobernadora de Veracruz, Roc\u00edo Nahle Garc\u00eda, dijo que la maestra falleci\u00f3 por un infarto.<\/p>\n\n\n\n<p>La secuencia de los hechos comenz\u00f3 el viernes 18 de julio, cuando Irma Hern\u00e1ndez fue secuestrada en la calle Sor Juana In\u00e9s de la Cruz, en la colonia Centro de \u00c1lamo Temapache, cerca del sitio de taxis de la ruta Estero del \u00cddolo.<\/p>\n\n\n\n<p>Dos d\u00edas despu\u00e9s, un video difundido en redes sociales mostr\u00f3 a la profesora arrodillada, maniatada y rodeada por 12 hombres armados que le apuntaban a la espalda.<\/p>\n\n\n\n<p>En la grabaci\u00f3n, la maestra transmiti\u00f3 un mensaje amenazante dirigido a sus colegas taxistas, advirtiendo que correr\u00edan la misma suerte si no pagaban la cuota exigida por los criminales.<\/p>\n\n\n\n<p>El grupo\u201d Sombra\u201d, al que se atribuye la autor\u00eda del secuestro y asesinato, mantiene una presencia activa en la regi\u00f3n y es considerado una facci\u00f3n del C\u00e1rtel del Golfo.<\/p>\n\n\n\n<p>La detenci\u00f3n de los dos sospechosos representa un avance en la investigaci\u00f3n, aunque la sociedad exige resultados concretos y el esclarecimiento total del caso.<\/p>\n\n\n\n<p>(Informaci\u00f3n de Infobae M\u00e9xico)<\/p>\n","protected":false},"excerpt":{"rendered":"<p>Redacci\u00f3n\/Zona Roja Cdmx. Ciudad de M\u00e9xico, a 26 de julio de 2025.- Tres presuntos integrantes&hellip;<\/p>\n","protected":false},"author":2,"featured_media":82820,"comment_status":"closed","ping_status":"open","sticky":false,"template":"","format":"standard","meta":{"_lmt_disableupdate":"","_lmt_disable":"","_jetpack_memberships_contains_paid_content":false,"footnotes":""},"categories":[109,47],"tags":[4373],"class_list":["post-82819","post","type-post","status-publish","format-standard","has-post-thumbnail","hentry","category-minuto-a-minuto","category-zona-gris","tag-irma-hernandez-cruz"],"jetpack_featured_media_url":"https:\/\/zonaroja.com.mx\/wp-content\/uploads\/2025\/07\/Detenidos-caso-maestra-Veracruz.jpg","jetpack_sharing_enabled":true,"_links":{"self":[{"href":"https:\/\/zonaroja.com.mx\/index.php?rest_route=\/wp\/v2\/posts\/82819","targetHints":{"allow":["GET"]}}],"collection":[{"href":"https:\/\/zonaroja.com.mx\/index.php?rest_route=\/wp\/v2\/posts"}],"about":[{"href":"https:\/\/zonaroja.com.mx\/index.php?rest_route=\/wp\/v2\/types\/post"}],"author":[{"embeddable":true,"href":"https:\/\/zonaroja.com.mx\/index.php?rest_route=\/wp\/v2\/users\/2"}],"replies":[{"embeddable":true,"href":"https:\/\/zonaroja.com.mx\/index.php?rest_route=%2Fwp%2Fv2%2Fcomments&post=82819"}],"version-history":[{"count":1,"href":"https:\/\/zonaroja.com.mx\/index.php?rest_route=\/wp\/v2\/posts\/82819\/revisions"}],"predecessor-version":[{"id":82821,"href":"https:\/\/zonaroja.com.mx\/index.php?rest_route=\/wp\/v2\/posts\/82819\/revisions\/82821"}],"wp:featuredmedia":[{"embeddable":true,"href":"https:\/\/zonaroja.com.mx\/index.php?rest_route=\/wp\/v2\/media\/82820"}],"wp:attachment":[{"href":"https:\/\/zonaroja.com.mx\/index.php?rest_route=%2Fwp%2Fv2%2Fmedia&parent=82819"}],"wp:term":[{"taxonomy":"category","embeddable":true,"href":"https:\/\/zonaroja.com.mx\/index.php?rest_route=%2Fwp%2Fv2%2Fcategories&post=82819"},{"taxonomy":"post_tag","embeddable":true,"href":"https:\/\/zonaroja.com.mx\/index.php?rest_route=%2Fwp%2Fv2%2Ftags&post=82819"}],"curies":[{"name":"wp","href":"https:\/\/api.w.org\/{rel}","templated":true}]}}