{"id":82824,"date":"2025-07-26T11:45:00","date_gmt":"2025-07-26T17:45:00","guid":{"rendered":"https:\/\/zonaroja.com.mx\/?p=82824"},"modified":"2025-07-26T07:24:41","modified_gmt":"2025-07-26T13:24:41","slug":"el-jardin-el-panuelito-de-oaxaca-capital-otra-opcion-cultural","status":"publish","type":"post","link":"https:\/\/zonaroja.com.mx\/?p=82824","title":{"rendered":"El jard\u00edn \u201cEl Pa\u00f1uelito\u201d de Oaxaca capital, otra opci\u00f3n cultural"},"content":{"rendered":"\n<p>Redacci\u00f3n\/Zona Roja.<\/p>\n\n\n\n<p>Oaxaca, Oax., a 26 de julio de 2025.- Como parte de las celebraciones del mes de la Guelaguetza, el jard\u00edn \u201cEl Pa\u00f1uelito\u201d se ha convertido en un espacio vibrante que celebra la riqueza cultural de Oaxaca a trav\u00e9s del programa \u201c\u2018El Pa\u00f1uelito\u2019, Jard\u00edn de Cultura y Tradici\u00f3n\u201d, impulsado por el municipio de Oaxaca de Ju\u00e1rez, tras recuperar este emblem\u00e1tico sitio para el disfrute de vecinas, vecinos y visitantes.<\/p>\n\n\n\n<p>Durante los d\u00edas recientes, este emblem\u00e1tico espacio del Centro Hist\u00f3rico ha sido testigo de expresiones art\u00edsticas que han emocionado al p\u00fablico. La Orquesta Filarm\u00f3nica Infantil y Juvenil de Pueblo Nuevo ofreci\u00f3 una presentaci\u00f3n memorable, mientras que las \u201cChinas Oaxaque\u00f1as\u201d de Genoveva Medina llenaron de color y alegr\u00eda el ambiente con su tradicional baile. Asimismo, la Marimba del Estado hizo vibrar cada rinc\u00f3n del jard\u00edn con sus melod\u00edas, y el grupo Danz\u00f3n D\u2019 Gala contagi\u00f3 su elegancia y entusiasmo a las y los asistentes.<\/p>\n\n\n\n<p>Las actividades contin\u00faan con una programaci\u00f3n que re\u00fane lo mejor de la danza y la m\u00fasica tradicional.&nbsp;<\/p>\n\n\n\n<p>El martes 29 de julio se presentar\u00e1 la Compa\u00f1\u00eda Folkl\u00f3rica \u201cRitmo de mi Raza\u201d, seguida el mi\u00e9rcoles 30 de julio por la banda de m\u00fasica tradicional oaxaque\u00f1a \u201cVientos Regionales\u201d y el cuarteto de cuerdas \u201cLidium\u201d. El jueves 31 de julio ser\u00e1 el turno de la Banda de la Octava Regi\u00f3n Militar, acompa\u00f1ada por el Coro de la Ciudad de Oaxaca de Ju\u00e1rez.<\/p>\n\n\n\n<p>El s\u00e1bado 2 de agosto se presentar\u00e1 el Grupo Folkl\u00f3rico \u201cEdad de Oro\u201d, y el lunes 4 de agosto se contar\u00e1 con la participaci\u00f3n del grupo de Ballet Folkl\u00f3rico Yeye-Ta Jiapsi, proveniente de Culiac\u00e1n, Sinaloa.<\/p>\n\n\n\n<p>El gobierno municipal de Oaxaca de Ju\u00e1rez agradece la participaci\u00f3n del p\u00fablico y extiende la invitaci\u00f3n a seguir disfrutando de esta gran fiesta cultural en el coraz\u00f3n de la ciudad, donde el arte y la tradici\u00f3n siguen vivos.<\/p>\n","protected":false},"excerpt":{"rendered":"<p>Redacci\u00f3n\/Zona Roja. Oaxaca, Oax., a 26 de julio de 2025.- Como parte de las celebraciones&hellip;<\/p>\n","protected":false},"author":2,"featured_media":82825,"comment_status":"closed","ping_status":"open","sticky":false,"template":"","format":"standard","meta":{"_lmt_disableupdate":"","_lmt_disable":"","_jetpack_memberships_contains_paid_content":false,"footnotes":""},"categories":[109,46],"tags":[148],"class_list":["post-82824","post","type-post","status-publish","format-standard","has-post-thumbnail","hentry","category-minuto-a-minuto","category-zona-blanca","tag-oaxaca-de-juarez"],"jetpack_featured_media_url":"https:\/\/zonaroja.com.mx\/wp-content\/uploads\/2025\/07\/Jardin-el-panuelito-Oaxaca.jpeg","jetpack_sharing_enabled":true,"_links":{"self":[{"href":"https:\/\/zonaroja.com.mx\/index.php?rest_route=\/wp\/v2\/posts\/82824","targetHints":{"allow":["GET"]}}],"collection":[{"href":"https:\/\/zonaroja.com.mx\/index.php?rest_route=\/wp\/v2\/posts"}],"about":[{"href":"https:\/\/zonaroja.com.mx\/index.php?rest_route=\/wp\/v2\/types\/post"}],"author":[{"embeddable":true,"href":"https:\/\/zonaroja.com.mx\/index.php?rest_route=\/wp\/v2\/users\/2"}],"replies":[{"embeddable":true,"href":"https:\/\/zonaroja.com.mx\/index.php?rest_route=%2Fwp%2Fv2%2Fcomments&post=82824"}],"version-history":[{"count":1,"href":"https:\/\/zonaroja.com.mx\/index.php?rest_route=\/wp\/v2\/posts\/82824\/revisions"}],"predecessor-version":[{"id":82826,"href":"https:\/\/zonaroja.com.mx\/index.php?rest_route=\/wp\/v2\/posts\/82824\/revisions\/82826"}],"wp:featuredmedia":[{"embeddable":true,"href":"https:\/\/zonaroja.com.mx\/index.php?rest_route=\/wp\/v2\/media\/82825"}],"wp:attachment":[{"href":"https:\/\/zonaroja.com.mx\/index.php?rest_route=%2Fwp%2Fv2%2Fmedia&parent=82824"}],"wp:term":[{"taxonomy":"category","embeddable":true,"href":"https:\/\/zonaroja.com.mx\/index.php?rest_route=%2Fwp%2Fv2%2Fcategories&post=82824"},{"taxonomy":"post_tag","embeddable":true,"href":"https:\/\/zonaroja.com.mx\/index.php?rest_route=%2Fwp%2Fv2%2Ftags&post=82824"}],"curies":[{"name":"wp","href":"https:\/\/api.w.org\/{rel}","templated":true}]}}