{"id":82827,"date":"2025-07-26T12:32:00","date_gmt":"2025-07-26T18:32:00","guid":{"rendered":"https:\/\/zonaroja.com.mx\/?p=82827"},"modified":"2025-07-26T07:33:58","modified_gmt":"2025-07-26T13:33:58","slug":"pide-congreso-mayor-atencion-a-personas-con-discapacidad-en-guelaguetza","status":"publish","type":"post","link":"https:\/\/zonaroja.com.mx\/?p=82827","title":{"rendered":"Pide Congreso mayor atenci\u00f3n a personas con discapacidad en Guelaguetza"},"content":{"rendered":"\n<p>Redacci\u00f3n\/Zona Roja.<\/p>\n\n\n\n<p>Oaxaca, Oax., a 26 de julio de 2025.- La 66 Legislatura de Oaxaca aprob\u00f3 en la reciente sesi\u00f3n extraordinaria con 32 votos exhortar a diversas instituciones del Gobierno del Estado, as\u00ed como, al Comit\u00e9 Organizador de la Guelaguetza y al ayuntamiento de Oaxaca de Ju\u00e1rez, con el prop\u00f3sito de garantizar los espacios y accesos adecuados para las personas con discapacidad en el marco de la m\u00e1xima fiesta de las y los oaxaque\u00f1os.<\/p>\n\n\n\n<p>De acuerdo con las propuestas presentadas, la Guelaguetza es una de las festividades m\u00e1s importantes de Oaxaca, y es fundamental que el acceso y la participaci\u00f3n sea para todas las personas, incluyendo a quienes tienen alguna discapacidad.<\/p>\n\n\n\n<p>En el documento dictaminado por la Comisi\u00f3n Permanente de Turismo se precisa que al asegurar la inclusi\u00f3n y accesibilidad se abonar\u00e1 a que todas y todos puedan disfrutar de las festividades y sentirse parte de la comunidad.<\/p>\n\n\n\n<p>La medida tambi\u00e9n contempla que el personal al frente de la organizaci\u00f3n de los eventos est\u00e9 capacitado para interactuar con personas con discapacidad cognitiva de manera respetuosa y comprensiva.<\/p>\n\n\n\n<p>Asimismo, los servicios de transporte p\u00fablico deben ser accesibles, para reducir barreras y promover la igualdad de oportunidades.<\/p>\n","protected":false},"excerpt":{"rendered":"<p>Redacci\u00f3n\/Zona Roja. Oaxaca, Oax., a 26 de julio de 2025.- La 66 Legislatura de Oaxaca&hellip;<\/p>\n","protected":false},"author":2,"featured_media":82834,"comment_status":"closed","ping_status":"open","sticky":false,"template":"","format":"standard","meta":{"_lmt_disableupdate":"","_lmt_disable":"","_jetpack_memberships_contains_paid_content":false,"footnotes":""},"categories":[109,46],"tags":[303],"class_list":["post-82827","post","type-post","status-publish","format-standard","has-post-thumbnail","hentry","category-minuto-a-minuto","category-zona-blanca","tag-congreso-del-estado-de-oaxaca"],"jetpack_featured_media_url":"https:\/\/zonaroja.com.mx\/wp-content\/uploads\/2025\/07\/Sesion-Congreso-Oaxaca.jpeg","jetpack_sharing_enabled":true,"_links":{"self":[{"href":"https:\/\/zonaroja.com.mx\/index.php?rest_route=\/wp\/v2\/posts\/82827","targetHints":{"allow":["GET"]}}],"collection":[{"href":"https:\/\/zonaroja.com.mx\/index.php?rest_route=\/wp\/v2\/posts"}],"about":[{"href":"https:\/\/zonaroja.com.mx\/index.php?rest_route=\/wp\/v2\/types\/post"}],"author":[{"embeddable":true,"href":"https:\/\/zonaroja.com.mx\/index.php?rest_route=\/wp\/v2\/users\/2"}],"replies":[{"embeddable":true,"href":"https:\/\/zonaroja.com.mx\/index.php?rest_route=%2Fwp%2Fv2%2Fcomments&post=82827"}],"version-history":[{"count":1,"href":"https:\/\/zonaroja.com.mx\/index.php?rest_route=\/wp\/v2\/posts\/82827\/revisions"}],"predecessor-version":[{"id":82835,"href":"https:\/\/zonaroja.com.mx\/index.php?rest_route=\/wp\/v2\/posts\/82827\/revisions\/82835"}],"wp:featuredmedia":[{"embeddable":true,"href":"https:\/\/zonaroja.com.mx\/index.php?rest_route=\/wp\/v2\/media\/82834"}],"wp:attachment":[{"href":"https:\/\/zonaroja.com.mx\/index.php?rest_route=%2Fwp%2Fv2%2Fmedia&parent=82827"}],"wp:term":[{"taxonomy":"category","embeddable":true,"href":"https:\/\/zonaroja.com.mx\/index.php?rest_route=%2Fwp%2Fv2%2Fcategories&post=82827"},{"taxonomy":"post_tag","embeddable":true,"href":"https:\/\/zonaroja.com.mx\/index.php?rest_route=%2Fwp%2Fv2%2Ftags&post=82827"}],"curies":[{"name":"wp","href":"https:\/\/api.w.org\/{rel}","templated":true}]}}