{"id":82836,"date":"2025-07-27T07:46:00","date_gmt":"2025-07-27T13:46:00","guid":{"rendered":"https:\/\/zonaroja.com.mx\/?p=82836"},"modified":"2025-07-27T06:53:26","modified_gmt":"2025-07-27T12:53:26","slug":"a-un-ano-de-la-detencion-del-mayo-zambada-sin-informacion-a-mexico","status":"publish","type":"post","link":"https:\/\/zonaroja.com.mx\/?p=82836","title":{"rendered":"Ningunea EU a M\u00e9xico, a un a\u00f1o de la detenci\u00f3n del \u201cMayo\u201d Zambada"},"content":{"rendered":"\n<p>Redacci\u00f3n\/Zona Roja Cdmx.<\/p>\n\n\n\n<p>Ciudad de M\u00e9xico, a 27 de julio de 2025.- Este viernes 25 de julio se cumpli\u00f3 un a\u00f1o de la detenci\u00f3n, secuestro y entrega de Ismael \u201cEl Mayo\u201d Zambada a Estados Unidos\u00a0un hecho que origin\u00f3\u00a0la actual guerra interna\u00a0entre del C\u00e1rtel de Sinaloa entre Los Chapitos y La Mayiza.<\/p>\n\n\n\n<p>A un a\u00f1o, persisten m\u00e1s&nbsp;dudas que certezas sobre c\u00f3mo ocurrieron los hechos y la presidenta Claudia Sheinbaum ha solicitado al menos en seis&nbsp;ocasiones al gobierno de Donald Trump que aclare c\u00f3mo se llev\u00f3 a cabo el operativo que deriv\u00f3 con la captura del narcotraficante.<\/p>\n\n\n\n<p>El primer llamado fue el 8 de octubre del 2024 durante su conferencia matutina, la morenista exigi\u00f3 un informe para aclarar las condiciones que precipitaron el arresto de \u00abEl Mayo\u00bb y el objetivo del operativo de captura del pasado 25 de julio del 2024.<\/p>\n\n\n\n<p>\u201cTodav\u00eda no se recibe informaci\u00f3n suficiente\u201d, afirm\u00f3 en ese momento la mandataria.<\/p>\n\n\n\n<p>El segundo llamado fue el 19 noviembre del 2024, durante la cumbre del G20 en R\u00edo de Janeiro, donde la misma mandataria pidi\u00f3 directamente a Joe Biden que proporcionar\u00e1 toda la informaci\u00f3n relacionada con el arresto del capo. De acuerdo con Reuters, el encuentro entre los mandatarios fue en privado.<\/p>\n\n\n\n<p>El 16 de enero de 2025, Sheinbaum reiter\u00f3 que insistir\u00eda al presidente Donald Trump en la entrega de un informe detallado sobre la detenci\u00f3n de Ismael \u201cEl Mayo\u201d Zambada y subray\u00f3 que la informaci\u00f3n ten\u00eda que&nbsp;ser completa y esclarecer todos los aspectos del operativo.<\/p>\n\n\n\n<p>Posteriormente, el 7 de mayo, Sheinbaum asegur\u00f3 que su gobierno insisti\u00f3 en las mesas de seguridad diplom\u00e1tica con Estados Unidos en que se aclare c\u00f3mo ocurri\u00f3 la detenci\u00f3n de Zambada en territorio mexicano y su traslado al pa\u00eds vecino.<\/p>\n\n\n\n<p>El 11 de junio reiter\u00f3 esa solicitud, esta vez dirigida al secretario de Estado norteamericano, Marco Rubio, para que explicar\u00e1 las condiciones del traslado del narcotraficante hacia Estados Unidos, sin embargo de nueva cuenta fue&nbsp;ignorada.<\/p>\n\n\n\n<p>En su conferencia matutina del 1 de julio, la mandataria volvi\u00f3 a exigir transparencia y se\u00f1al\u00f3 que tanto en p\u00fablico como en privado era necesario explicar c\u00f3mo se desarroll\u00f3 el operativo de captura.<\/p>\n\n\n\n<p>La \u00faltima petici\u00f3n fue este jueves 24 de julio, cuando&nbsp;la morenista dijo que continuar\u00e1 exigiendo a Estados Unidos que&nbsp;c\u00f3mo se desarroll\u00f3 la captura y el posterior traslado, y hasta la fecha no ha obtenido respuesta.<\/p>\n\n\n\n<p>(Informaci\u00f3n de \u201cLatinus\u201d)<\/p>\n","protected":false},"excerpt":{"rendered":"<p>Redacci\u00f3n\/Zona Roja Cdmx. Ciudad de M\u00e9xico, a 27 de julio de 2025.- Este viernes 25&hellip;<\/p>\n","protected":false},"author":2,"featured_media":70770,"comment_status":"closed","ping_status":"open","sticky":false,"template":"","format":"standard","meta":{"_lmt_disableupdate":"","_lmt_disable":"","_jetpack_memberships_contains_paid_content":false,"footnotes":""},"categories":[109,47],"tags":[3847],"class_list":["post-82836","post","type-post","status-publish","format-standard","has-post-thumbnail","hentry","category-minuto-a-minuto","category-zona-gris","tag-ismael-el-mayo-zambada"],"jetpack_featured_media_url":"https:\/\/zonaroja.com.mx\/wp-content\/uploads\/2024\/07\/Ismael-mayo-Zambada.tiff","jetpack_sharing_enabled":true,"_links":{"self":[{"href":"https:\/\/zonaroja.com.mx\/index.php?rest_route=\/wp\/v2\/posts\/82836","targetHints":{"allow":["GET"]}}],"collection":[{"href":"https:\/\/zonaroja.com.mx\/index.php?rest_route=\/wp\/v2\/posts"}],"about":[{"href":"https:\/\/zonaroja.com.mx\/index.php?rest_route=\/wp\/v2\/types\/post"}],"author":[{"embeddable":true,"href":"https:\/\/zonaroja.com.mx\/index.php?rest_route=\/wp\/v2\/users\/2"}],"replies":[{"embeddable":true,"href":"https:\/\/zonaroja.com.mx\/index.php?rest_route=%2Fwp%2Fv2%2Fcomments&post=82836"}],"version-history":[{"count":3,"href":"https:\/\/zonaroja.com.mx\/index.php?rest_route=\/wp\/v2\/posts\/82836\/revisions"}],"predecessor-version":[{"id":82850,"href":"https:\/\/zonaroja.com.mx\/index.php?rest_route=\/wp\/v2\/posts\/82836\/revisions\/82850"}],"wp:featuredmedia":[{"embeddable":true,"href":"https:\/\/zonaroja.com.mx\/index.php?rest_route=\/wp\/v2\/media\/70770"}],"wp:attachment":[{"href":"https:\/\/zonaroja.com.mx\/index.php?rest_route=%2Fwp%2Fv2%2Fmedia&parent=82836"}],"wp:term":[{"taxonomy":"category","embeddable":true,"href":"https:\/\/zonaroja.com.mx\/index.php?rest_route=%2Fwp%2Fv2%2Fcategories&post=82836"},{"taxonomy":"post_tag","embeddable":true,"href":"https:\/\/zonaroja.com.mx\/index.php?rest_route=%2Fwp%2Fv2%2Ftags&post=82836"}],"curies":[{"name":"wp","href":"https:\/\/api.w.org\/{rel}","templated":true}]}}