{"id":8284,"date":"2020-02-01T09:28:06","date_gmt":"2020-02-01T15:28:06","guid":{"rendered":"http:\/\/www.zonaroja.com.mx\/?p=8284"},"modified":"2020-02-01T09:28:08","modified_gmt":"2020-02-01T15:28:08","slug":"gobierno-de-oaxaca-da-tardia-respuesta-por-ataque-armado-en-soyaltepec","status":"publish","type":"post","link":"https:\/\/zonaroja.com.mx\/?p=8284","title":{"rendered":"Gobierno de Oaxaca da tard\u00eda respuesta por ataque armado en Soyaltepec"},"content":{"rendered":"\n<p>Redacci\u00f3n\/Zona Roja.<\/p>\n\n\n\n<p>Oaxaca de Ju\u00e1re, Oax., 1 de febrero de\n2020.- A m\u00e1s de una semana de la incursi\u00f3n de un convoy con personas armadas a\nSan Miguel Soyaltepec, en la regi\u00f3n de la Cuenca, y que dej\u00f3 como saldo dos\npersonas sin vida y cinco desaparecidos, el gobernador Alejandro Murat\nHinojosa, emiti\u00f3 un breve mensaje para anunciar otra nueva estrategia de\nseguridad en esa zona norte del estado.<\/p>\n\n\n\n<p>En un video de 34 segundos, el mandatario se dirigi\u00f3 a los habitantes de Soyaltepec para informar que la ma\u00f1ana de este viernes se reuni\u00f3 con el presidente municipal, Nazario Antonio Hern\u00e1ndez Vel\u00e1squez, y con los titulares de la Secretar\u00eda de Seguridad P\u00fablica de Oaxaca, Ernesto Salcedo y Fiscal\u00eda General del Estado, Rub\u00e9n Vasconcelos, para \u201cdelinear acciones en tema de seguridad\u201d.<\/p>\n\n\n\n<figure class=\"wp-block-embed-twitter wp-block-embed is-type-rich is-provider-twitter\"><div class=\"wp-block-embed__wrapper\">\n<div class=\"twitter-tweet\"><blockquote class=\"twitter-tweet\" data-lang=\"es\"><p lang=\"es\" dir=\"ltr\">Sostuve una reuni\u00f3n con el Pdte. Mpal. de Soyaltepec, To\u00f1o Nazario, y Beto Ram\u00edrez para fortalecer acciones de seguridad en beneficio de la poblaci\u00f3n. Junto a los titulares de la <a href=\"https:\/\/twitter.com\/SSP_GobOax?ref_src=twsrc%5Etfw\">@SSP_GobOax<\/a> y la <a href=\"https:\/\/twitter.com\/FISCALIA_GobOax?ref_src=twsrc%5Etfw\">@FISCALIA_GobOax<\/a>, seguiremos velando por el bienestar de las familias. <a href=\"https:\/\/t.co\/MZaPIPqklD\">pic.twitter.com\/MZaPIPqklD<\/a><\/p>&mdash; Alejandro Murat (@alejandromurat) <a href=\"https:\/\/twitter.com\/alejandromurat\/status\/1223293597119729664?ref_src=twsrc%5Etfw\">31 de enero de 2020<\/a><\/blockquote><\/div>\n<\/div><\/figure>\n\n\n\n<p>En la reuni\u00f3n y en el video tambi\u00e9n\nestuvo presente Heriberto Ram\u00edrez Mart\u00ednez, ex diputado del Partido\nRevolucionario Institucional (PRI), quien a pesar de no contar con ninguna\nfunci\u00f3n como autoridad local es se\u00f1alado se mantener el control de la\npoblaci\u00f3n. \u201cBeto\u201d Ram\u00edrez, como es conocido, ha permanecido por casi 30 a\u00f1os\ncomo servidor p\u00fablico en ese municipio y como diputado.<\/p>\n\n\n\n<p>\u201cEstaremos atentos a cuidar de su\nintegridad f\u00edsica y patrimonial\u201d, mencion\u00f3 el gobernador tras los hechos\ndelictivos ocurridos desde el pasado 21 de enero.<\/p>\n\n\n\n<p>Sin embargo, por esos hechos, ni la\nFiscal\u00eda Estatal General ni la Secretar\u00eda de Seguridad P\u00fablica de Oaxaca\nemitieron comunicado para informar de lo ocurrido y por lo que de forma\nextraoficial se dio a conocer que fallecieron dos personas y al menos tres m\u00e1s\ndesaparecidos.<\/p>\n\n\n\n<p>La incursi\u00f3n del grupo armado se\ndifundi\u00f3 por medio de videos que los mismos habitantes grabaron y difundieron\nen redes sociales. En el video se escuchan las r\u00e1fagas de los disparos de armas\nde fuego y en otros el paso acelerado de un grupo de camionetas.<\/p>\n","protected":false},"excerpt":{"rendered":"<p>Redacci\u00f3n\/Zona Roja. Oaxaca de Ju\u00e1re, Oax., 1 de febrero de 2020.- A m\u00e1s de una&hellip;<\/p>\n","protected":false},"author":2,"featured_media":8285,"comment_status":"closed","ping_status":"open","sticky":false,"template":"","format":"standard","meta":{"_lmt_disableupdate":"","_lmt_disable":"","_jetpack_memberships_contains_paid_content":false,"footnotes":""},"categories":[109,47],"tags":[173,1037],"class_list":["post-8284","post","type-post","status-publish","format-standard","has-post-thumbnail","hentry","category-minuto-a-minuto","category-zona-gris","tag-alejandro-murat-hinojosa","tag-san-miguel-soyaltepec"],"jetpack_featured_media_url":"https:\/\/zonaroja.com.mx\/wp-content\/uploads\/2020\/02\/Gobernador-Soyaltepec.jpg","jetpack_sharing_enabled":true,"_links":{"self":[{"href":"https:\/\/zonaroja.com.mx\/index.php?rest_route=\/wp\/v2\/posts\/8284","targetHints":{"allow":["GET"]}}],"collection":[{"href":"https:\/\/zonaroja.com.mx\/index.php?rest_route=\/wp\/v2\/posts"}],"about":[{"href":"https:\/\/zonaroja.com.mx\/index.php?rest_route=\/wp\/v2\/types\/post"}],"author":[{"embeddable":true,"href":"https:\/\/zonaroja.com.mx\/index.php?rest_route=\/wp\/v2\/users\/2"}],"replies":[{"embeddable":true,"href":"https:\/\/zonaroja.com.mx\/index.php?rest_route=%2Fwp%2Fv2%2Fcomments&post=8284"}],"version-history":[{"count":1,"href":"https:\/\/zonaroja.com.mx\/index.php?rest_route=\/wp\/v2\/posts\/8284\/revisions"}],"predecessor-version":[{"id":8286,"href":"https:\/\/zonaroja.com.mx\/index.php?rest_route=\/wp\/v2\/posts\/8284\/revisions\/8286"}],"wp:featuredmedia":[{"embeddable":true,"href":"https:\/\/zonaroja.com.mx\/index.php?rest_route=\/wp\/v2\/media\/8285"}],"wp:attachment":[{"href":"https:\/\/zonaroja.com.mx\/index.php?rest_route=%2Fwp%2Fv2%2Fmedia&parent=8284"}],"wp:term":[{"taxonomy":"category","embeddable":true,"href":"https:\/\/zonaroja.com.mx\/index.php?rest_route=%2Fwp%2Fv2%2Fcategories&post=8284"},{"taxonomy":"post_tag","embeddable":true,"href":"https:\/\/zonaroja.com.mx\/index.php?rest_route=%2Fwp%2Fv2%2Ftags&post=8284"}],"curies":[{"name":"wp","href":"https:\/\/api.w.org\/{rel}","templated":true}]}}