{"id":82846,"date":"2025-07-26T20:06:33","date_gmt":"2025-07-27T02:06:33","guid":{"rendered":"https:\/\/zonaroja.com.mx\/?p=82846"},"modified":"2025-07-26T20:06:35","modified_gmt":"2025-07-27T02:06:35","slug":"en-ataque-armado-en-zona-triqui-asesinan-a-una-autoridad-municipal","status":"publish","type":"post","link":"https:\/\/zonaroja.com.mx\/?p=82846","title":{"rendered":"En ataque armado en zona triqui, asesinan a una autoridad municipal"},"content":{"rendered":"\n<p>Raymundo Morales\/Zona Roja. Foto: TPrende.<\/p>\n\n\n\n<p>Oaxaca, Oax., a 26 de julio de 2026.- Personas armadas asesinaron este s\u00e1bado a una autoridad auxiliar y lesionaron a su hijo, en la zona Triqui del estado de Oaxaca.<\/p>\n\n\n\n<p>De acuerdo con los primeros reportes, el ataque armado ocurri\u00f3 a un costado de la carretera federal 125 \u201cAlfonso P\u00e9rez Gasga\u201d, en jurisdicci\u00f3n del municipio de Putla Villa de Guerrero.<\/p>\n\n\n\n<p>La v\u00edctima fatal fue identificada como Crescencio H. H., agente municipal de la localidad de R\u00edo Metate Copala, perteneciente al municipio de Santiago Juxtlahuaca; su hijo fue trasladado a un hospital, donde lo reportan grave de salud.<\/p>\n\n\n\n<p>Seg\u00fan datos preliminares, el hoy occiso se desempe\u00f1aba como profesor y era militante del Movimiento de Unificaci\u00f3n y Lucha Triqui (MULT), aunque hasta esta noche, la organizaci\u00f3n social no ha dado a conocer ning\u00fan pronunciamiento.<\/p>\n\n\n\n<p>Esta semana que culmin\u00f3, el MULT hab\u00eda denunciando un en\u00e9simo ataque armado y culp\u00f3 de ello al Movimiento de Unificaci\u00f3n y Lucha Triqui Independiente (MULTI).<\/p>\n","protected":false},"excerpt":{"rendered":"<p>Raymundo Morales\/Zona Roja. Foto: TPrende. Oaxaca, Oax., a 26 de julio de 2026.- Personas armadas&hellip;<\/p>\n","protected":false},"author":2,"featured_media":82847,"comment_status":"closed","ping_status":"open","sticky":false,"template":"","format":"standard","meta":{"_lmt_disableupdate":"","_lmt_disable":"","_jetpack_memberships_contains_paid_content":false,"footnotes":""},"categories":[109,51],"tags":[969],"class_list":["post-82846","post","type-post","status-publish","format-standard","has-post-thumbnail","hentry","category-minuto-a-minuto","category-zona-roja","tag-putla-villa-de-guerrero"],"jetpack_featured_media_url":"https:\/\/zonaroja.com.mx\/wp-content\/uploads\/2025\/07\/Triqui-asesinado-Putla.jpeg","jetpack_sharing_enabled":true,"_links":{"self":[{"href":"https:\/\/zonaroja.com.mx\/index.php?rest_route=\/wp\/v2\/posts\/82846","targetHints":{"allow":["GET"]}}],"collection":[{"href":"https:\/\/zonaroja.com.mx\/index.php?rest_route=\/wp\/v2\/posts"}],"about":[{"href":"https:\/\/zonaroja.com.mx\/index.php?rest_route=\/wp\/v2\/types\/post"}],"author":[{"embeddable":true,"href":"https:\/\/zonaroja.com.mx\/index.php?rest_route=\/wp\/v2\/users\/2"}],"replies":[{"embeddable":true,"href":"https:\/\/zonaroja.com.mx\/index.php?rest_route=%2Fwp%2Fv2%2Fcomments&post=82846"}],"version-history":[{"count":1,"href":"https:\/\/zonaroja.com.mx\/index.php?rest_route=\/wp\/v2\/posts\/82846\/revisions"}],"predecessor-version":[{"id":82848,"href":"https:\/\/zonaroja.com.mx\/index.php?rest_route=\/wp\/v2\/posts\/82846\/revisions\/82848"}],"wp:featuredmedia":[{"embeddable":true,"href":"https:\/\/zonaroja.com.mx\/index.php?rest_route=\/wp\/v2\/media\/82847"}],"wp:attachment":[{"href":"https:\/\/zonaroja.com.mx\/index.php?rest_route=%2Fwp%2Fv2%2Fmedia&parent=82846"}],"wp:term":[{"taxonomy":"category","embeddable":true,"href":"https:\/\/zonaroja.com.mx\/index.php?rest_route=%2Fwp%2Fv2%2Fcategories&post=82846"},{"taxonomy":"post_tag","embeddable":true,"href":"https:\/\/zonaroja.com.mx\/index.php?rest_route=%2Fwp%2Fv2%2Ftags&post=82846"}],"curies":[{"name":"wp","href":"https:\/\/api.w.org\/{rel}","templated":true}]}}