{"id":82851,"date":"2025-07-27T08:45:00","date_gmt":"2025-07-27T14:45:00","guid":{"rendered":"https:\/\/zonaroja.com.mx\/?p=82851"},"modified":"2025-07-27T07:01:26","modified_gmt":"2025-07-27T13:01:26","slug":"culpa-el-mult-a-su-rival-multi-de-crimen-contra-agente-municipal","status":"publish","type":"post","link":"https:\/\/zonaroja.com.mx\/?p=82851","title":{"rendered":"Culpa el MULT a su rival MULTI de crimen contra agente municipal"},"content":{"rendered":"\n<p>Ismael Garc\u00eda M.\/Zona Roja.<\/p>\n\n\n\n<p>Oaxaca, Oax., a 27 de julio de 2025.- La organizaci\u00f3n Movimiento de Unificaci\u00f3n y Lucha Triqui (MULT) responsabiliz\u00f3 al MULTI, as\u00ed como a las autoridades estatales y federales, del asesinato de Crescencio Hern\u00e1ndez Hern\u00e1ndez, quien fuera agente municipal de la comunidad de R\u00edo Metates Copala.<\/p>\n\n\n\n<p>El crimen perpetrado con arma de fuego sucedi\u00f3 ayer por la tarde alrededor de las 16:10 horas a un costado de la carretera federal 125, en jurisdicci\u00f3n del municipio de Putla Villa de Guerrero y en el ataque result\u00f3 lesionada otra persona, hijo de la v\u00edctima.<\/p>\n\n\n\n<p>\u201cMientras que el Gobierno del Estado se encuentra de fiesta, la Naci\u00f3n Triqui pierde a uno de sus integrantes. Nuevamente los enemigos del pueblo enlutan a la familia de la monta\u00f1a roja\u201d, destac\u00f3 el MULT en un comunicado emitido anoche.<\/p>\n\n\n\n<p>Agreg\u00f3:<\/p>\n\n\n\n<p>\u201cHemos denunciado de manera sistem\u00e1tica, la actuaci\u00f3n del grup\u00fasculo MULTI (Movimiento de Unificaci\u00f3n y Lucha Triqui Independiente) y al parecer el Gobierno del Estado junto con el Gobierno Federal, no les interesa los hechos de violencia y cr\u00edmenes contra nuestros integrantes; las fiscal\u00edas no investigan ni detienen a los autores materiales e intelectuales que las v\u00edctimas indirectas se\u00f1alan\u201d.<\/p>\n\n\n\n<p>A\u00f1adi\u00f3 que a la fecha van 38 personas integrantes de su organizaci\u00f3n las que han sido asesinadas en los \u00faltimos a\u00f1os, por lo que llam\u00f3 a sus militantes y a las organizaciones sociales fraternas a estar atentos a las actividades para exigir justicia.<\/p>\n\n\n\n<p>\u201cEstamos consternados por este crimen artero y cobarde contra nuestro compa\u00f1ero, que era ejemplo en su comunidad\u2026Emplazamos al fiscal General de Justicia del Estado a ejecutar las \u00f3rdenes de aprehensi\u00f3n contra los asesinos y no quede impune este cobarde asesinato\u201d, destac\u00f3 el MULT.<\/p>\n","protected":false},"excerpt":{"rendered":"<p>Ismael Garc\u00eda M.\/Zona Roja. Oaxaca, Oax., a 27 de julio de 2025.- La organizaci\u00f3n Movimiento&hellip;<\/p>\n","protected":false},"author":2,"featured_media":82855,"comment_status":"closed","ping_status":"open","sticky":false,"template":"","format":"standard","meta":{"_lmt_disableupdate":"","_lmt_disable":"","_jetpack_memberships_contains_paid_content":false,"footnotes":""},"categories":[109,47],"tags":[2411,525],"class_list":["post-82851","post","type-post","status-publish","format-standard","has-post-thumbnail","hentry","category-minuto-a-minuto","category-zona-gris","tag-movimiento-de-unificacion-y-lucha-triqui-independiente-multi","tag-mult"],"jetpack_featured_media_url":"https:\/\/zonaroja.com.mx\/wp-content\/uploads\/2025\/07\/Crescencio-Hernandez-triqui-MULT.jpg","jetpack_sharing_enabled":true,"_links":{"self":[{"href":"https:\/\/zonaroja.com.mx\/index.php?rest_route=\/wp\/v2\/posts\/82851","targetHints":{"allow":["GET"]}}],"collection":[{"href":"https:\/\/zonaroja.com.mx\/index.php?rest_route=\/wp\/v2\/posts"}],"about":[{"href":"https:\/\/zonaroja.com.mx\/index.php?rest_route=\/wp\/v2\/types\/post"}],"author":[{"embeddable":true,"href":"https:\/\/zonaroja.com.mx\/index.php?rest_route=\/wp\/v2\/users\/2"}],"replies":[{"embeddable":true,"href":"https:\/\/zonaroja.com.mx\/index.php?rest_route=%2Fwp%2Fv2%2Fcomments&post=82851"}],"version-history":[{"count":1,"href":"https:\/\/zonaroja.com.mx\/index.php?rest_route=\/wp\/v2\/posts\/82851\/revisions"}],"predecessor-version":[{"id":82856,"href":"https:\/\/zonaroja.com.mx\/index.php?rest_route=\/wp\/v2\/posts\/82851\/revisions\/82856"}],"wp:featuredmedia":[{"embeddable":true,"href":"https:\/\/zonaroja.com.mx\/index.php?rest_route=\/wp\/v2\/media\/82855"}],"wp:attachment":[{"href":"https:\/\/zonaroja.com.mx\/index.php?rest_route=%2Fwp%2Fv2%2Fmedia&parent=82851"}],"wp:term":[{"taxonomy":"category","embeddable":true,"href":"https:\/\/zonaroja.com.mx\/index.php?rest_route=%2Fwp%2Fv2%2Fcategories&post=82851"},{"taxonomy":"post_tag","embeddable":true,"href":"https:\/\/zonaroja.com.mx\/index.php?rest_route=%2Fwp%2Fv2%2Ftags&post=82851"}],"curies":[{"name":"wp","href":"https:\/\/api.w.org\/{rel}","templated":true}]}}