{"id":82857,"date":"2025-07-27T09:45:00","date_gmt":"2025-07-27T15:45:00","guid":{"rendered":"https:\/\/zonaroja.com.mx\/?p=82857"},"modified":"2025-07-27T07:06:21","modified_gmt":"2025-07-27T13:06:21","slug":"mantiene-la-policia-estatal-presencia-en-juchitan-y-duplicara-estado-de-fuerza","status":"publish","type":"post","link":"https:\/\/zonaroja.com.mx\/?p=82857","title":{"rendered":"Mantiene la Polic\u00eda Estatal presencia en Juchit\u00e1n y duplicar\u00e1 estado de fuerza"},"content":{"rendered":"\n<p>Redacci\u00f3n\/Zona Roja.&nbsp;<\/p>\n\n\n\n<p>Oaxaca, Oax., a 27 de julio de 2025.- Ante los se\u00f1alamientos de un grupo de personas, tras la detenci\u00f3n del ciudadano Ignacio \u201cN\u201d, la Secretar\u00eda de Seguridad y Protecci\u00f3n Ciudadana de Oaxaca asegur\u00f3 que contin\u00faa la presencia de la Polic\u00eda Estatal en Juchit\u00e1n de Zaragoza y que el estado de fuerza se incrementar\u00e1.<\/p>\n\n\n\n<p>En un comunicado, inform\u00f3 que, respecto a los recientes se\u00f1alamientos sobre la detenci\u00f3n, la intervenci\u00f3n de la Polic\u00eda Estatal se efectu\u00f3 con apego a los protocolos de actuaci\u00f3n y en pleno respeto a los derechos humanos.<\/p>\n\n\n\n<p>\u201cLa persona detenida fue puesta a disposici\u00f3n de las autoridades competentes. Esta acci\u00f3n se enmarca en los patrullajes preventivos del operativo interinstitucional \u2018Juchit\u00e1n Seguro\u00b4, desplegado en la regi\u00f3n Istmo de Tehuantepec para prevenir delitos, brindar protecci\u00f3n a la ciudadan\u00eda y preservar la paz\u201d, sostuvo.<\/p>\n\n\n\n<p>La dependencia estatal reafirm\u00f3 que la presencia de la Polic\u00eda Estatal e instituciones de seguridad se mantendr\u00e1n en el municipio, y que el estado de fuerza ser\u00e1 duplicado como respuesta al leg\u00edtimo reclamo de las y los juchitecos que exigen condiciones de seguridad y tranquilidad para sus familias.<\/p>\n\n\n\n<p>\u201cLa dependencia estatal hace un llamado a la responsabilidad y evitar la desinformaci\u00f3n sobre el actuar de las instituciones, ya que su compromiso es el bienestar com\u00fan y la protecci\u00f3n de la vida de todas las personas en la regi\u00f3n.<\/p>\n\n\n\n<p>\u201cDe esta manera, continuar\u00e1 trabajando en estrecha coordinaci\u00f3n con autoridades federales, municipales y con la sociedad civil; para mantener el orden, fortalecer la confianza ciudadana y consolidar una cultura de paz.<\/p>\n\n\n\n<p>\u201cLa seguridad p\u00fablica es un derecho colectivo, y su garant\u00eda es una prioridad de la administraci\u00f3n estatal que encabeza el gobernador Salom\u00f3n Jara Cruz\u201d, indic\u00f3.<\/p>\n","protected":false},"excerpt":{"rendered":"<p>Redacci\u00f3n\/Zona Roja.&nbsp; Oaxaca, Oax., a 27 de julio de 2025.- Ante los se\u00f1alamientos de un&hellip;<\/p>\n","protected":false},"author":2,"featured_media":82852,"comment_status":"closed","ping_status":"open","sticky":false,"template":"","format":"standard","meta":{"_lmt_disableupdate":"","_lmt_disable":"","_jetpack_memberships_contains_paid_content":false,"footnotes":""},"categories":[109,46],"tags":[123],"class_list":["post-82857","post","type-post","status-publish","format-standard","has-post-thumbnail","hentry","category-minuto-a-minuto","category-zona-blanca","tag-juchitan-de-zaragoza"],"jetpack_featured_media_url":"https:\/\/zonaroja.com.mx\/wp-content\/uploads\/2025\/07\/Se-mantendran-operativos-de-seguridad-en-Juchitan-de-Zaragoza-y-se-duplicara-el-estado-de-fuerza-SSPC.jpeg","jetpack_sharing_enabled":true,"_links":{"self":[{"href":"https:\/\/zonaroja.com.mx\/index.php?rest_route=\/wp\/v2\/posts\/82857","targetHints":{"allow":["GET"]}}],"collection":[{"href":"https:\/\/zonaroja.com.mx\/index.php?rest_route=\/wp\/v2\/posts"}],"about":[{"href":"https:\/\/zonaroja.com.mx\/index.php?rest_route=\/wp\/v2\/types\/post"}],"author":[{"embeddable":true,"href":"https:\/\/zonaroja.com.mx\/index.php?rest_route=\/wp\/v2\/users\/2"}],"replies":[{"embeddable":true,"href":"https:\/\/zonaroja.com.mx\/index.php?rest_route=%2Fwp%2Fv2%2Fcomments&post=82857"}],"version-history":[{"count":1,"href":"https:\/\/zonaroja.com.mx\/index.php?rest_route=\/wp\/v2\/posts\/82857\/revisions"}],"predecessor-version":[{"id":82858,"href":"https:\/\/zonaroja.com.mx\/index.php?rest_route=\/wp\/v2\/posts\/82857\/revisions\/82858"}],"wp:featuredmedia":[{"embeddable":true,"href":"https:\/\/zonaroja.com.mx\/index.php?rest_route=\/wp\/v2\/media\/82852"}],"wp:attachment":[{"href":"https:\/\/zonaroja.com.mx\/index.php?rest_route=%2Fwp%2Fv2%2Fmedia&parent=82857"}],"wp:term":[{"taxonomy":"category","embeddable":true,"href":"https:\/\/zonaroja.com.mx\/index.php?rest_route=%2Fwp%2Fv2%2Fcategories&post=82857"},{"taxonomy":"post_tag","embeddable":true,"href":"https:\/\/zonaroja.com.mx\/index.php?rest_route=%2Fwp%2Fv2%2Ftags&post=82857"}],"curies":[{"name":"wp","href":"https:\/\/api.w.org\/{rel}","templated":true}]}}