{"id":82861,"date":"2025-07-27T11:45:00","date_gmt":"2025-07-27T17:45:00","guid":{"rendered":"https:\/\/zonaroja.com.mx\/?p=82861"},"modified":"2025-07-27T07:10:58","modified_gmt":"2025-07-27T13:10:58","slug":"avanza-proyecto-del-corredor-interoceanico-en-el-istmo","status":"publish","type":"post","link":"https:\/\/zonaroja.com.mx\/?p=82861","title":{"rendered":"Avanza proyecto del Corredor Interoce\u00e1nico en el Istmo\u00a0"},"content":{"rendered":"\n<p>Redacci\u00f3n\/Zona Roja.<\/p>\n\n\n\n<p>Oaxaca, Oax., a 27 de julio de 2025.- El Corredor Interoce\u00e1nico del Istmo de Tehuantepec (CIIT) avanza dentro los objetivos del Plan M\u00e9xico y es reconocido por la Federaci\u00f3n como puntal para el crecimiento econ\u00f3mico de Oaxaca y del pa\u00eds, por lo que est\u00e1 listo para recibir nuevas inversiones en los polos licitados como el reciente de San Blas Atempa.&nbsp;<\/p>\n\n\n\n<p>As\u00ed lo afirm\u00f3 el senador Antonino Morales, quien agradeci\u00f3 el apoyo de la coordinadora del Consejo Asesor de Desarrollo Econ\u00f3mico Regional y Relocalizaci\u00f3n de Empresas (Cader), Altagracia G\u00f3mez Sierra, quien ofreci\u00f3 todo el apoyo de la Federaci\u00f3n para que Oaxaca atraiga nuevas inversiones que impulsen su competitividad.<\/p>\n\n\n\n<p>El senador inform\u00f3 que en su reciente visita a Oaxaca, G\u00f3mez Sierra expuso que el crecimiento en la entidad ha despegado por la inversi\u00f3n en infraestructura, educaci\u00f3n, certificaci\u00f3n, los avances en la digitalizaci\u00f3n y, en particular los polos de desarrollo, por los incentivos fiscales, entre otras acciones desarrolladas por el gobierno encabezado por el gobernador Salom\u00f3n Jara.<\/p>\n\n\n\n<p>El presidente de la Comisi\u00f3n de Seguimiento e Impulso al Corredor Interoce\u00e1nico del Istmo de Tehuantepec del Senado coincidi\u00f3 con el mandatario estatal y con la propia titular del Cader en que Oaxaca se ha consolidado como la locomotora industrial de M\u00e9xico.<\/p>\n\n\n\n<p>La entidad ha crecido este a\u00f1o a tasas del 13.64%, cifra que representa un incremento de 12.5% en comparaci\u00f3n con el mismo periodo de 2024, resalt\u00f3.<\/p>\n\n\n\n<p>En ese sentido, mencion\u00f3 que Altagracia G\u00f3mez refiri\u00f3 que el CIIT no solo puede transformar a las entidades que conforman el corredor, sino que de ese proyecto se han tomado algunas de las premisas a incluir en la pol\u00edtica industrial y planeaci\u00f3n del pa\u00eds.<\/p>\n\n\n\n<p>\u201cEstamos cumpliendo con ello, con una econom\u00eda incluyente de las micro, peque\u00f1as y medianas empresas en el sur y sureste del pa\u00eds, lo que es reconocido por la federaci\u00f3n para convocar a nuevas inversiones que se sumar\u00e1n a grandes proyectos como la planta de producci\u00f3n de hidr\u00f3geno verde y la planta de procesamiento de aluminio con las que ya est\u00e1n pactados los convenios de inversi\u00f3n\u201d.<\/p>\n\n\n\n<p>El senador Morales Toledo agradeci\u00f3 que el Cader &nbsp;haya ratificado todo el apoyo federal para nuevas inversiones, sobre todo en los ramos qu\u00edmico, petroqu\u00edmico, log\u00edstica, electr\u00f3nica y otras ramas industriales de gran crecimiento.<\/p>\n\n\n\n<p>Inform\u00f3 que, como resultado de la licitaci\u00f3n p\u00fablica, el pasado 15 de julio se dio a conocer el resultado para el polo de San Blas Atempa que se asign\u00f3 como licitante ganador a la empresa ARZYZ S.A de C.V.<\/p>\n\n\n\n<p>El legislador puntualiz\u00f3 &nbsp;que Oaxaca ha apostado a la innovaci\u00f3n, la transferencia tecnol\u00f3gica para las empresas que llegan, la investigaci\u00f3n, la educaci\u00f3n, la mano de obra calificada y otros aspectos que lo hacen el estado m\u00e1s atractivo para recibir inversiones.<\/p>\n","protected":false},"excerpt":{"rendered":"<p>Redacci\u00f3n\/Zona Roja. Oaxaca, Oax., a 27 de julio de 2025.- El Corredor Interoce\u00e1nico del Istmo&hellip;<\/p>\n","protected":false},"author":2,"featured_media":78869,"comment_status":"closed","ping_status":"open","sticky":false,"template":"","format":"standard","meta":{"_lmt_disableupdate":"","_lmt_disable":"","_jetpack_memberships_contains_paid_content":false,"footnotes":""},"categories":[109,46],"tags":[180],"class_list":["post-82861","post","type-post","status-publish","format-standard","has-post-thumbnail","hentry","category-minuto-a-minuto","category-zona-blanca","tag-antonino-morales-toledo"],"jetpack_featured_media_url":"https:\/\/zonaroja.com.mx\/wp-content\/uploads\/2025\/03\/Antonino-Morales.jpg","jetpack_sharing_enabled":true,"_links":{"self":[{"href":"https:\/\/zonaroja.com.mx\/index.php?rest_route=\/wp\/v2\/posts\/82861","targetHints":{"allow":["GET"]}}],"collection":[{"href":"https:\/\/zonaroja.com.mx\/index.php?rest_route=\/wp\/v2\/posts"}],"about":[{"href":"https:\/\/zonaroja.com.mx\/index.php?rest_route=\/wp\/v2\/types\/post"}],"author":[{"embeddable":true,"href":"https:\/\/zonaroja.com.mx\/index.php?rest_route=\/wp\/v2\/users\/2"}],"replies":[{"embeddable":true,"href":"https:\/\/zonaroja.com.mx\/index.php?rest_route=%2Fwp%2Fv2%2Fcomments&post=82861"}],"version-history":[{"count":1,"href":"https:\/\/zonaroja.com.mx\/index.php?rest_route=\/wp\/v2\/posts\/82861\/revisions"}],"predecessor-version":[{"id":82862,"href":"https:\/\/zonaroja.com.mx\/index.php?rest_route=\/wp\/v2\/posts\/82861\/revisions\/82862"}],"wp:featuredmedia":[{"embeddable":true,"href":"https:\/\/zonaroja.com.mx\/index.php?rest_route=\/wp\/v2\/media\/78869"}],"wp:attachment":[{"href":"https:\/\/zonaroja.com.mx\/index.php?rest_route=%2Fwp%2Fv2%2Fmedia&parent=82861"}],"wp:term":[{"taxonomy":"category","embeddable":true,"href":"https:\/\/zonaroja.com.mx\/index.php?rest_route=%2Fwp%2Fv2%2Fcategories&post=82861"},{"taxonomy":"post_tag","embeddable":true,"href":"https:\/\/zonaroja.com.mx\/index.php?rest_route=%2Fwp%2Fv2%2Ftags&post=82861"}],"curies":[{"name":"wp","href":"https:\/\/api.w.org\/{rel}","templated":true}]}}