{"id":82863,"date":"2025-07-27T12:11:00","date_gmt":"2025-07-27T18:11:00","guid":{"rendered":"https:\/\/zonaroja.com.mx\/?p=82863"},"modified":"2025-07-27T07:13:08","modified_gmt":"2025-07-27T13:13:08","slug":"mantiene-magda-liliana-lucha-por-acoso-laboral-y-despido-injustificado-en-monte-de-piedad","status":"publish","type":"post","link":"https:\/\/zonaroja.com.mx\/?p=82863","title":{"rendered":"Mantiene Magda Liliana lucha por acoso laboral y despido injustificado en Monte de Piedad\u00a0"},"content":{"rendered":"\n<p>Lisbeth Mej\u00eda Reyes\/Zona Roja.<\/p>\n\n\n\n<p>Oaxaca, Oax., a 27 de julio de 2025.- A m\u00e1s de dos a\u00f1os de haber denunciado acoso laboral y sexual, adem\u00e1s de despido injustificado, por se\u00f1alar actos de presunta corrupci\u00f3n en el Monte de Piedad del Estado de Oaxaca, Magda Liliana A. C. mantiene su lucha por la justicia ante la Corte Interamericana de Derechos Humanos (CIDH), de la Organizaci\u00f3n de Estados Americanos (OEA), que admiti\u00f3 su caso en agosto de 2024.<\/p>\n\n\n\n<p>Magda, quien en marzo de este a\u00f1o fue desalojada de su \u201cplant\u00f3n\u201d frente a Palacio Nacional, en donde estaba con otras mujeres que tambi\u00e9n exig\u00edan justicia, se\u00f1ala que su lucha sigue en el \u00e1mbito internacional, pero tambi\u00e9n en el plano estatal y nacional.<\/p>\n\n\n\n<p>\u00abEs un camino largo apegado a derecho\u00bb, dijo en una breve comunicaci\u00f3n luego de que la Secretar\u00eda de Gobierno del estado de Oaxaca public\u00f3 este s\u00e1bado una fotograf\u00eda en la que el secretario, Jes\u00fas Romero, estrecha su mano y asegura que se brinda atenci\u00f3n a su caso.<\/p>\n\n\n\n<p>\u00abExiste disposici\u00f3n\u00bb de parte del gobierno, dice Magda a m\u00e1s de dos a\u00f1os de su denuncia, aunque aclara que esto es resultado de su lucha por la verdad. \u00abMi tema no es econ\u00f3mico, ni pol\u00edtico. Nos vamos a morir y debemos dejar semillas plantadas\u00bb se\u00f1ala Magda, al comentar que a ra\u00edz de su lucha ya hay una unidad de g\u00e9nero en el Monte de Piedad.&nbsp;<\/p>\n\n\n\n<p>En esta lucha, de la que tambi\u00e9n explica que ha sido en solitario, Magda se ha enfrentado a diferentes obst\u00e1culos e incluso al desplazamiento para preservar su seguridad.&nbsp;<\/p>\n\n\n\n<p>Fue en mayo de 2023 cuando la entonces gerente de la sucursal 8 del Monte de Piedad en la ciudad de Oaxaca denunci\u00f3 penalmente al entonces director del Monte de Piedad, Omar J. J., y al jefe administrativo de ese organismo gubernamental, Jos\u00e9 Manuel N.<\/p>\n\n\n\n<p>\u00bfY EL SE\u00d1ALADO?<\/p>\n\n\n\n<p>La denuncia qued\u00f3 asentada en la causa penal 1243\/2023, en la que adem\u00e1s del delito de hostigamiento sexual se contemplan los de intimidaci\u00f3n con agravante de amenazas, cohecho y coalici\u00f3n de los servidores p\u00fablicos.<\/p>\n\n\n\n<p>Aun cuando fue denunciado por Magda Liliana, el gobierno de Oaxaca mantuvo como director del Monte de Piedad a Omar J. J. al menos hasta abril de este a\u00f1o, como se observa en una de sus \u00faltimas publicaciones en la que felicita a uno de los hijos del gobernador Salom\u00f3n Jara.<\/p>\n\n\n\n<p>Aunque en su p\u00e1gina de Facebook a\u00fan aparece con el t\u00edtulo de director del Monte de Piedad del Estado de Oaxaca, en el directorio del organismo figura como director Ulises Caballero Navarro. Este asumi\u00f3 la titularidad del organismo en los \u00faltimos d\u00edas de abril (de acuerdo con sus publicaciones en redes sociales) y rindi\u00f3 protesta como secretario T\u00e9cnico del Consejo de Administraci\u00f3n del Monte de Piedad del Estado de Oaxaca el 11 de junio.<\/p>\n\n\n\n<p>Con el caso de Magda Liliana, el ex director del Monte de Piedad del Estado de Oaxaca acumula al menos tres casos de acoso laboral y uno despido injustificado en la actual administraci\u00f3n estatal.<\/p>\n\n\n\n<p>En octubre de 2024, un grupo de empleados sindicalizados se manifest\u00f3 en la oficina matriz de la ciudad de Oaxaca para exigir la soluci\u00f3n a dos casos de acoso laboral: uno en las sucursal de Ciudad Ixtepec y otro en la del M\u00f3dulo Azul del Infonavit, en la capital oaxaque\u00f1a.<\/p>\n","protected":false},"excerpt":{"rendered":"<p>Lisbeth Mej\u00eda Reyes\/Zona Roja. Oaxaca, Oax., a 27 de julio de 2025.- A m\u00e1s de&hellip;<\/p>\n","protected":false},"author":2,"featured_media":82864,"comment_status":"closed","ping_status":"open","sticky":false,"template":"","format":"standard","meta":{"_lmt_disableupdate":"","_lmt_disable":"","_jetpack_memberships_contains_paid_content":false,"footnotes":""},"categories":[109,46],"tags":[3593],"class_list":["post-82863","post","type-post","status-publish","format-standard","has-post-thumbnail","hentry","category-minuto-a-minuto","category-zona-blanca","tag-magda-liliana-altamirano-calderon"],"jetpack_featured_media_url":"https:\/\/zonaroja.com.mx\/wp-content\/uploads\/2025\/07\/Magda-Liliana-y-Jesus-Romero-Lopez.jpeg","jetpack_sharing_enabled":true,"_links":{"self":[{"href":"https:\/\/zonaroja.com.mx\/index.php?rest_route=\/wp\/v2\/posts\/82863","targetHints":{"allow":["GET"]}}],"collection":[{"href":"https:\/\/zonaroja.com.mx\/index.php?rest_route=\/wp\/v2\/posts"}],"about":[{"href":"https:\/\/zonaroja.com.mx\/index.php?rest_route=\/wp\/v2\/types\/post"}],"author":[{"embeddable":true,"href":"https:\/\/zonaroja.com.mx\/index.php?rest_route=\/wp\/v2\/users\/2"}],"replies":[{"embeddable":true,"href":"https:\/\/zonaroja.com.mx\/index.php?rest_route=%2Fwp%2Fv2%2Fcomments&post=82863"}],"version-history":[{"count":1,"href":"https:\/\/zonaroja.com.mx\/index.php?rest_route=\/wp\/v2\/posts\/82863\/revisions"}],"predecessor-version":[{"id":82865,"href":"https:\/\/zonaroja.com.mx\/index.php?rest_route=\/wp\/v2\/posts\/82863\/revisions\/82865"}],"wp:featuredmedia":[{"embeddable":true,"href":"https:\/\/zonaroja.com.mx\/index.php?rest_route=\/wp\/v2\/media\/82864"}],"wp:attachment":[{"href":"https:\/\/zonaroja.com.mx\/index.php?rest_route=%2Fwp%2Fv2%2Fmedia&parent=82863"}],"wp:term":[{"taxonomy":"category","embeddable":true,"href":"https:\/\/zonaroja.com.mx\/index.php?rest_route=%2Fwp%2Fv2%2Fcategories&post=82863"},{"taxonomy":"post_tag","embeddable":true,"href":"https:\/\/zonaroja.com.mx\/index.php?rest_route=%2Fwp%2Fv2%2Ftags&post=82863"}],"curies":[{"name":"wp","href":"https:\/\/api.w.org\/{rel}","templated":true}]}}