{"id":82878,"date":"2025-07-28T07:15:00","date_gmt":"2025-07-28T13:15:00","guid":{"rendered":"https:\/\/zonaroja.com.mx\/?p=82878"},"modified":"2025-07-28T06:47:30","modified_gmt":"2025-07-28T12:47:30","slug":"que-morenistas-olvidaron-la-austeridad-y-vacacionan-de-lujo-en-europa","status":"publish","type":"post","link":"https:\/\/zonaroja.com.mx\/?p=82878","title":{"rendered":"\u00bfQu\u00e9 morenistas olvidaron la austeridad y vacacionan de lujo\u00a0en\u00a0Europa?"},"content":{"rendered":"\n<p>Redacci\u00f3n\/Zona Roja Cdmx.<\/p>\n\n\n\n<p>Ciudad de M\u00e9xico, a 28 de julio de 2025.- \u00bfEuropa est\u00e1 de moda? En la \u00faltima semana, funcionarios p\u00fablicos de Morena aprovecharon una pausa en sus actividades para vacacionar por el viejo continente, algunos de ellos fueron vistos en lugares de lujo.<\/p>\n\n\n\n<p>El asunto provoc\u00f3 pol\u00e9mica porque, desde el sexenio anterior, se promovi\u00f3 la idea de la austeridad y la consigna de que no pod\u00eda haber gobierno rico con pueblo pobre, principios que rechazan las \u201cextravagancias\u201d.<\/p>\n\n\n\n<p>Con el fin de las sesiones ordinarias y el \u00fanico periodo extraordinario aprobado para liberar las iniciativas m\u00e1s importantes del gobierno, la mayor\u00eda de senadores y diputados tomaron vacaciones de verano y algunos optaron por viajar a Europa.<\/p>\n\n\n\n<p>Entre los funcionarios que fueron expuestos est\u00e1 Ricardo Monreal, presidente de la Junta de Coordinaci\u00f3n Pol\u00edtica (Jucopo) de la C\u00e1mara de Diputados. Fue el \u00fanico que explic\u00f3 el motivo de su viaje, despu\u00e9s de que lo fotografiaran en el restaurante de un hotel de lujo.<\/p>\n\n\n\n<p>A \u00e9l se suman Enrique V\u00e1zquez, diputado de Morena, que apareci\u00f3 en un bar de Ibiza, una de las islas donde las celebridades vacacionan con frecuencia; y Mario Delgado, secretario de Educaci\u00f3n P\u00fablica (SEP), a quien fotografiaron en el hotel Pousada Lisboa, seg\u00fan el periodista Claudio Ochoa.<\/p>\n\n\n\n<p>Sobre los viajes y la aparente desobediencia a los principios del movimiento, la presidenta Claudia Sheinbaum defendi\u00f3 que los funcionarios tienen permitido vacacionar, siempre que usen recursos propios y no carguen sus gastos al erario.<\/p>\n\n\n\n<p>Adem\u00e1s, coment\u00f3 que no da instrucciones a los diputados, pero expres\u00f3: \u201cpienso que el poder es humildad y hay que ejercerlo de esa manera, y que hay que ser austeros\u201d.<\/p>\n\n\n\n<p>LA \u201cPROHIBICI\u00d3N\u201d<\/p>\n\n\n\n<p>En mayo de este a\u00f1o, el Consejo Nacional de Morena prohibi\u00f3 las \u2018extravagancias\u2019. Durante su reuni\u00f3n en el World Trade Center de la Ciudad de M\u00e9xico, se estableci\u00f3 un c\u00f3digo de comportamiento \u00e9tico para los militantes del partido guinda, en especial para los funcionarios p\u00fablicos que representan el \u201ccambio verdadero\u201d.<\/p>\n\n\n\n<p>En aquella sesi\u00f3n, se prohibi\u00f3 el nepotismo, la opulencia \u2014como los viajes en primera clase\u2014, el uso de veh\u00edculos blindados y cualquier tipo de lujo excesivo.<\/p>\n\n\n\n<p>Sin embargo, otros funcionarios p\u00fablicos o militantes de Morena ya fueron se\u00f1alados por violar estos lineamientos. Por ejemplo, el diputado Pedro Haces, que posee una gran propiedad y un estilo de vida lujoso vinculado a la tauromaquia.<\/p>\n\n\n\n<p>Tambi\u00e9n, el senador Gerardo Fern\u00e1ndez Noro\u00f1a fue objeto de cr\u00edticas por una ocasi\u00f3n en la que viaj\u00f3 a Europa, supuestamente en primera clase, aunque afirm\u00f3 que una parte del boleto la pag\u00f3 con recursos propios, ya que se trat\u00f3 de un viaje en representaci\u00f3n del Senado.<\/p>\n\n\n\n<p>(Informaci\u00f3n de \u201cEl Financiero\u201d)<\/p>\n","protected":false},"excerpt":{"rendered":"<p>Redacci\u00f3n\/Zona Roja Cdmx. Ciudad de M\u00e9xico, a 28 de julio de 2025.- \u00bfEuropa est\u00e1 de&hellip;<\/p>\n","protected":false},"author":2,"featured_media":80960,"comment_status":"closed","ping_status":"open","sticky":false,"template":"","format":"standard","meta":{"_lmt_disableupdate":"","_lmt_disable":"","_jetpack_memberships_contains_paid_content":false,"footnotes":""},"categories":[109,47],"tags":[],"class_list":["post-82878","post","type-post","status-publish","format-standard","has-post-thumbnail","hentry","category-minuto-a-minuto","category-zona-gris"],"jetpack_featured_media_url":"https:\/\/zonaroja.com.mx\/wp-content\/uploads\/2025\/06\/Partido-Morena.jpg","jetpack_sharing_enabled":true,"_links":{"self":[{"href":"https:\/\/zonaroja.com.mx\/index.php?rest_route=\/wp\/v2\/posts\/82878","targetHints":{"allow":["GET"]}}],"collection":[{"href":"https:\/\/zonaroja.com.mx\/index.php?rest_route=\/wp\/v2\/posts"}],"about":[{"href":"https:\/\/zonaroja.com.mx\/index.php?rest_route=\/wp\/v2\/types\/post"}],"author":[{"embeddable":true,"href":"https:\/\/zonaroja.com.mx\/index.php?rest_route=\/wp\/v2\/users\/2"}],"replies":[{"embeddable":true,"href":"https:\/\/zonaroja.com.mx\/index.php?rest_route=%2Fwp%2Fv2%2Fcomments&post=82878"}],"version-history":[{"count":2,"href":"https:\/\/zonaroja.com.mx\/index.php?rest_route=\/wp\/v2\/posts\/82878\/revisions"}],"predecessor-version":[{"id":82882,"href":"https:\/\/zonaroja.com.mx\/index.php?rest_route=\/wp\/v2\/posts\/82878\/revisions\/82882"}],"wp:featuredmedia":[{"embeddable":true,"href":"https:\/\/zonaroja.com.mx\/index.php?rest_route=\/wp\/v2\/media\/80960"}],"wp:attachment":[{"href":"https:\/\/zonaroja.com.mx\/index.php?rest_route=%2Fwp%2Fv2%2Fmedia&parent=82878"}],"wp:term":[{"taxonomy":"category","embeddable":true,"href":"https:\/\/zonaroja.com.mx\/index.php?rest_route=%2Fwp%2Fv2%2Fcategories&post=82878"},{"taxonomy":"post_tag","embeddable":true,"href":"https:\/\/zonaroja.com.mx\/index.php?rest_route=%2Fwp%2Fv2%2Ftags&post=82878"}],"curies":[{"name":"wp","href":"https:\/\/api.w.org\/{rel}","templated":true}]}}