{"id":82880,"date":"2025-07-27T17:30:00","date_gmt":"2025-07-27T23:30:00","guid":{"rendered":"https:\/\/zonaroja.com.mx\/?p=82880"},"modified":"2025-07-27T07:30:58","modified_gmt":"2025-07-27T13:30:58","slug":"aprueban-convocatoria-para-premio-estatal-al-merito-artistico-rodolfo-morales","status":"publish","type":"post","link":"https:\/\/zonaroja.com.mx\/?p=82880","title":{"rendered":"Aprueban convocatoria para Premio Estatal al M\u00e9rito Art\u00edstico \u00abRodolfo Morales\u201d"},"content":{"rendered":"\n<p>Redacci\u00f3n\/Zona Roja.<\/p>\n\n\n\n<p>Oaxaca, Oax., a 27 de julio de 2025.- Con base al Decreto 1535 de fecha 6 de septiembre de 2023, el Congreso de Oaxaca declar\u00f3 procedente emitir la convocatoria para otorgar el Premio Estatal al M\u00e9rito Art\u00edstico \u00abRodolfo Morales\u00bb, en reconocimiento a las y los pintores oaxaque\u00f1os, y a quienes se dedican a las artes pl\u00e1sticas y que por su obra destaquen o generen un aporte a este rubro.<\/p>\n\n\n\n<p>Las diputadas, Irma Pineda Santiago, Melina Hern\u00e1ndez Sosa, Mar\u00eda Francisca Antonio Santiago y Concepci\u00f3n Rueda G\u00f3mez, as\u00ed como el diputado Isa\u00edas Carranza Secundino, integrantes de la Comisi\u00f3n Permanente de Culturas y Artes, afirmaron que honrar el nombre del maestro Rodolfo Morales con un premio al m\u00e9rito art\u00edstico no solo es un homenaje justo, sino tambi\u00e9n un acto de continuidad, un compromiso con la creatividad, con la comunidad y con el alma cultural de Oaxaca.<\/p>\n\n\n\n<p>Destacaron que este galard\u00f3n busca distinguir a personas y\/o asociaciones que contribuyen al desarrollo de la cultura en el estado.&nbsp;<\/p>\n\n\n\n<p>M\u00e1s all\u00e1 de su trabajo pl\u00e1stico, Rodolfo Morales fue un verdadero promotor cultural y protector del patrimonio oaxaque\u00f1o. A trav\u00e9s de la Fundaci\u00f3n que lleva su nombre, emprendi\u00f3 proyectos de restauraci\u00f3n de iglesias, exconventos y edificios coloniales en Ocotl\u00e1n y otras comunidades de los Valles Centrales. Con recursos propios y la ayuda de voluntarios, logr\u00f3 rescatar joyas arquitect\u00f3nicas que hoy son orgullo estatal.<\/p>\n\n\n\n<p>Y es que, para el maestro el arte no era un lujo, sino una necesidad vital que deb\u00eda compartirse.<\/p>\n\n\n\n<p>Su influencia en el arte oaxaque\u00f1o tambi\u00e9n se manifiesta en el impulso que dio a j\u00f3venes artistas, a quienes apoy\u00f3 desde su trinchera creativa. Junto a figuras como Rufino Tamayo y Francisco Toledo, Rodolfo Morales es parte de esa tr\u00edada fundamental que posicion\u00f3 a la entidad como un referente nacional e internacional del arte.<\/p>\n\n\n\n<p>La convocatoria contempla dos categor\u00edas: Pintura y Artes Pl\u00e1sticas; las personas aspirantes a la obtenci\u00f3n del Premio Estatal al M\u00e9rito Art\u00edstico \u00abRodolfo Morales\u00bb, ser\u00e1n propuestas por una tercera persona, debiendo acreditar una trayectoria en la que por su obra destaquen o generen un aporte al \u00e1mbito cultural de Oaxaca; ninguno se podr\u00e1 proponer por s\u00ed mismo.<\/p>\n\n\n\n<p>La Comisi\u00f3n Permanente de Culturas y Artes fue la que present\u00f3 esta Proposici\u00f3n con Punto de Acuerdo, y fue la encargada del an\u00e1lisis y dictamen de la iniciativa.<\/p>\n\n\n\n<p>Para mayor informaci\u00f3n sobre esta convocatoria, consultar las redes sociales del Congreso del Estado de Oaxaca.<\/p>\n","protected":false},"excerpt":{"rendered":"<p>Redacci\u00f3n\/Zona Roja. Oaxaca, Oax., a 27 de julio de 2025.- Con base al Decreto 1535&hellip;<\/p>\n","protected":false},"author":2,"featured_media":81974,"comment_status":"closed","ping_status":"open","sticky":false,"template":"","format":"standard","meta":{"_lmt_disableupdate":"","_lmt_disable":"","_jetpack_memberships_contains_paid_content":false,"footnotes":""},"categories":[109,46],"tags":[303],"class_list":["post-82880","post","type-post","status-publish","format-standard","has-post-thumbnail","hentry","category-minuto-a-minuto","category-zona-blanca","tag-congreso-del-estado-de-oaxaca"],"jetpack_featured_media_url":"https:\/\/zonaroja.com.mx\/wp-content\/uploads\/2025\/07\/Fachada-Congreso-salon-sesiones.jpeg","jetpack_sharing_enabled":true,"_links":{"self":[{"href":"https:\/\/zonaroja.com.mx\/index.php?rest_route=\/wp\/v2\/posts\/82880","targetHints":{"allow":["GET"]}}],"collection":[{"href":"https:\/\/zonaroja.com.mx\/index.php?rest_route=\/wp\/v2\/posts"}],"about":[{"href":"https:\/\/zonaroja.com.mx\/index.php?rest_route=\/wp\/v2\/types\/post"}],"author":[{"embeddable":true,"href":"https:\/\/zonaroja.com.mx\/index.php?rest_route=\/wp\/v2\/users\/2"}],"replies":[{"embeddable":true,"href":"https:\/\/zonaroja.com.mx\/index.php?rest_route=%2Fwp%2Fv2%2Fcomments&post=82880"}],"version-history":[{"count":1,"href":"https:\/\/zonaroja.com.mx\/index.php?rest_route=\/wp\/v2\/posts\/82880\/revisions"}],"predecessor-version":[{"id":82881,"href":"https:\/\/zonaroja.com.mx\/index.php?rest_route=\/wp\/v2\/posts\/82880\/revisions\/82881"}],"wp:featuredmedia":[{"embeddable":true,"href":"https:\/\/zonaroja.com.mx\/index.php?rest_route=\/wp\/v2\/media\/81974"}],"wp:attachment":[{"href":"https:\/\/zonaroja.com.mx\/index.php?rest_route=%2Fwp%2Fv2%2Fmedia&parent=82880"}],"wp:term":[{"taxonomy":"category","embeddable":true,"href":"https:\/\/zonaroja.com.mx\/index.php?rest_route=%2Fwp%2Fv2%2Fcategories&post=82880"},{"taxonomy":"post_tag","embeddable":true,"href":"https:\/\/zonaroja.com.mx\/index.php?rest_route=%2Fwp%2Fv2%2Ftags&post=82880"}],"curies":[{"name":"wp","href":"https:\/\/api.w.org\/{rel}","templated":true}]}}