{"id":82883,"date":"2025-07-28T07:38:28","date_gmt":"2025-07-28T13:38:28","guid":{"rendered":"https:\/\/zonaroja.com.mx\/?p=82883"},"modified":"2025-07-28T07:38:30","modified_gmt":"2025-07-28T13:38:30","slug":"indagan-asesinato-de-una-mujer-en-la-costa-de-oaxaca","status":"publish","type":"post","link":"https:\/\/zonaroja.com.mx\/?p=82883","title":{"rendered":"Indagan asesinato de una mujer en la Costa de Oaxaca"},"content":{"rendered":"\n<p>Raymundo Morales\/Zona Roja.<\/p>\n\n\n\n<p>Oaxaca, Oax., a 28 de julio de 2025.- La Fiscal\u00eda General del Estado de Oaxaca contin\u00faa con las indagatorias para dar con el paradero del o de los homicidas de una mujer, perpetrado este fin de semana en la regi\u00f3n de la Costa.<\/p>\n\n\n\n<p>Fue en un bar ubicado en la agencia de Bajos de Chila, perteneciente al municipio de San Pedro Mixtepec, donde fue apu\u00f1alada la responsable del establecimiento denominado \u201cLas Coquetas\u201d.<\/p>\n\n\n\n<p>La v\u00edctima fue identificada como Rosal\u00eda C. C., de aproximadamente 43 a\u00f1os de edad, quien era propietaria del bar y a\u00fan se desconocen las causas por las cuales fue ultimada con arma blanca.<\/p>\n\n\n\n<p>Los sujetos pudieron escapar sin ning\u00fan contratiempo y la polic\u00eda municipal tard\u00f3 en llegar a la zona; la mujer ten\u00eda heridas profundas en la mand\u00edbula y el cuello, por lo cual perdi\u00f3 la vida al instante.<\/p>\n\n\n\n<p>Personal de la Vicefiscal\u00eda Regional de la Costa, dependiente de la Fiscal\u00eda General del Estado, recab\u00f3 las primeras evidencias y contin\u00faa con las indagatorias, bajo los protocolos de feminicidio.<\/p>\n\n\n\n<p>Apenas el pasado 23 de julio, fue asesinada una pareja en San Gabriel Mixtepec, municipio tambi\u00e9n de la regi\u00f3n Costa; la femenina recibi\u00f3 m\u00faltiples impactos de arma de fuego, al igual que el var\u00f3n.<\/p>\n\n\n\n<p>El 22 de julio, en el centro de Juchit\u00e1n de Zaragoza fue ultimada una mujer, que se desempe\u00f1aba como ayudante de una parada de mototaxis. El jueves 10 de julio fue ultimada a balazos otra mujer, al lado de un hombre, en Juchit\u00e1n.<\/p>\n\n\n\n<p>El 7 de julio hallaron sin vida a una joven que hab\u00eda sido desaparecida de la agencia de \u00c1lvaro Obreg\u00f3n, Juchit\u00e1n.<\/p>\n","protected":false},"excerpt":{"rendered":"<p>Raymundo Morales\/Zona Roja. Oaxaca, Oax., a 28 de julio de 2025.- La Fiscal\u00eda General del&hellip;<\/p>\n","protected":false},"author":2,"featured_media":69879,"comment_status":"closed","ping_status":"open","sticky":false,"template":"","format":"standard","meta":{"_lmt_disableupdate":"","_lmt_disable":"","_jetpack_memberships_contains_paid_content":false,"footnotes":""},"categories":[109,51],"tags":[610,890],"class_list":["post-82883","post","type-post","status-publish","format-standard","has-post-thumbnail","hentry","category-minuto-a-minuto","category-zona-roja","tag-feminicidios-oaxaca","tag-san-pedro-mixtepec"],"jetpack_featured_media_url":"https:\/\/zonaroja.com.mx\/wp-content\/uploads\/2024\/06\/feminicidio.jpg","jetpack_sharing_enabled":true,"_links":{"self":[{"href":"https:\/\/zonaroja.com.mx\/index.php?rest_route=\/wp\/v2\/posts\/82883","targetHints":{"allow":["GET"]}}],"collection":[{"href":"https:\/\/zonaroja.com.mx\/index.php?rest_route=\/wp\/v2\/posts"}],"about":[{"href":"https:\/\/zonaroja.com.mx\/index.php?rest_route=\/wp\/v2\/types\/post"}],"author":[{"embeddable":true,"href":"https:\/\/zonaroja.com.mx\/index.php?rest_route=\/wp\/v2\/users\/2"}],"replies":[{"embeddable":true,"href":"https:\/\/zonaroja.com.mx\/index.php?rest_route=%2Fwp%2Fv2%2Fcomments&post=82883"}],"version-history":[{"count":1,"href":"https:\/\/zonaroja.com.mx\/index.php?rest_route=\/wp\/v2\/posts\/82883\/revisions"}],"predecessor-version":[{"id":82884,"href":"https:\/\/zonaroja.com.mx\/index.php?rest_route=\/wp\/v2\/posts\/82883\/revisions\/82884"}],"wp:featuredmedia":[{"embeddable":true,"href":"https:\/\/zonaroja.com.mx\/index.php?rest_route=\/wp\/v2\/media\/69879"}],"wp:attachment":[{"href":"https:\/\/zonaroja.com.mx\/index.php?rest_route=%2Fwp%2Fv2%2Fmedia&parent=82883"}],"wp:term":[{"taxonomy":"category","embeddable":true,"href":"https:\/\/zonaroja.com.mx\/index.php?rest_route=%2Fwp%2Fv2%2Fcategories&post=82883"},{"taxonomy":"post_tag","embeddable":true,"href":"https:\/\/zonaroja.com.mx\/index.php?rest_route=%2Fwp%2Fv2%2Ftags&post=82883"}],"curies":[{"name":"wp","href":"https:\/\/api.w.org\/{rel}","templated":true}]}}