{"id":82885,"date":"2025-07-28T09:15:00","date_gmt":"2025-07-28T15:15:00","guid":{"rendered":"https:\/\/zonaroja.com.mx\/?p=82885"},"modified":"2025-07-28T08:18:05","modified_gmt":"2025-07-28T14:18:05","slug":"asuelan-grupos-armados-comunidades-oaxaquenas-lamenta-arzobispo","status":"publish","type":"post","link":"https:\/\/zonaroja.com.mx\/?p=82885","title":{"rendered":"Asuelan grupos armados comunidades oaxaque\u00f1as, lamenta Arzobispo"},"content":{"rendered":"\n<p>Ismael Garc\u00eda M.\/Zona Roja.<\/p>\n\n\n\n<p>Oaxaca, Oax., a 28 de julio de 2025.- \u201cAnoche me enviaron un documento, donde hay preocupaci\u00f3n, de personas armadas que llegan a otro lugar y que se ponen, armados, dicen, a 100 metros del pueblo. El pueblo est\u00e1 rodeado de armas, en nuestro Oaxaca, en nuestro Oaxaca\u201d.<\/p>\n\n\n\n<p>Esto revel\u00f3 ayer el Arzobispo de Antequera, Pedro V\u00e1zquez Villalobos, durante su homil\u00eda en la Catedral metropolitana, quien lament\u00f3 que contin\u00fae el uso de armas de fuego para arreglar conflictos entre comunidades.<\/p>\n\n\n\n<p>\u201cQu\u00e9 dif\u00edcil vivir en algunos lugares donde se perdi\u00f3 la misericordia, donde no se quiere tener misericordia, donde no se quieren perdonar, donde no quieren vivir en paz. Es un dolor de nuestro pueblo. Situaciones dif\u00edciles donde no quieren comprender, donde quieren arreglar todo con un arma, as\u00ed quieren arreglar los conflictos de nuestro Oaxaca, con armas\u201d, dijo.<\/p>\n\n\n\n<p>En seguida detall\u00f3 que la noche del s\u00e1bado recibi\u00f3 un documento en que le externa preocupaci\u00f3n por personas armadas que llegan y sitian un pueblo, sin detallar cu\u00e1l comunidad.<\/p>\n\n\n\n<p>\u201cEl viernes pas\u00e9 por ah\u00ed, por ese lugar, y anoche el p\u00e1rroco me mand\u00f3 una preocupaci\u00f3n: \u2018Monse\u00f1or, anoche, de nuevo, han decidido tomar las armas e ir a otro lugar y tengo miedo de que haya derramamiento de sangre. Tengo miedo&#8217;\u201d, expuso.<\/p>\n\n\n\n<p>El Arzobispo de Antequera detall\u00f3 que no es la primera vez que le externa este tipo de preocupaciones por la presencia de grupos armados y \u201cno s\u00e9 qu\u00e9 va a pasar\u201d.<\/p>\n\n\n\n<p>\u201cEs que no queremos ser misericordiosos, no queremos ceder, no queremos arreglar los asuntos; endurecemos el coraz\u00f3n, perdemos la sensibilidad de hijos de Dios, de hermanos fraternos y nos queremos acabar. Y queremos sentirnos poderosos, due\u00f1os de medio mundo, y el \u00fanico due\u00f1o es Dios. Qu\u00e9 triste, qu\u00e9 dif\u00edcil. As\u00ed vivimos a veces\u201d, enfatiz\u00f3 ante la feligres\u00eda Cat\u00f3lica.<\/p>\n","protected":false},"excerpt":{"rendered":"<p>Ismael Garc\u00eda M.\/Zona Roja. Oaxaca, Oax., a 28 de julio de 2025.- \u201cAnoche me enviaron&hellip;<\/p>\n","protected":false},"author":2,"featured_media":71534,"comment_status":"closed","ping_status":"open","sticky":false,"template":"","format":"standard","meta":{"_lmt_disableupdate":"","_lmt_disable":"","_jetpack_memberships_contains_paid_content":false,"footnotes":""},"categories":[109,47],"tags":[992,993],"class_list":["post-82885","post","type-post","status-publish","format-standard","has-post-thumbnail","hentry","category-minuto-a-minuto","category-zona-gris","tag-arzobispo-de-antequera-oaxaca","tag-pedro-vazquez-villalobos"],"jetpack_featured_media_url":"https:\/\/zonaroja.com.mx\/wp-content\/uploads\/2024\/08\/Arzobispo-de-Antequera-Pedro-Vazquez.jpg","jetpack_sharing_enabled":true,"_links":{"self":[{"href":"https:\/\/zonaroja.com.mx\/index.php?rest_route=\/wp\/v2\/posts\/82885","targetHints":{"allow":["GET"]}}],"collection":[{"href":"https:\/\/zonaroja.com.mx\/index.php?rest_route=\/wp\/v2\/posts"}],"about":[{"href":"https:\/\/zonaroja.com.mx\/index.php?rest_route=\/wp\/v2\/types\/post"}],"author":[{"embeddable":true,"href":"https:\/\/zonaroja.com.mx\/index.php?rest_route=\/wp\/v2\/users\/2"}],"replies":[{"embeddable":true,"href":"https:\/\/zonaroja.com.mx\/index.php?rest_route=%2Fwp%2Fv2%2Fcomments&post=82885"}],"version-history":[{"count":1,"href":"https:\/\/zonaroja.com.mx\/index.php?rest_route=\/wp\/v2\/posts\/82885\/revisions"}],"predecessor-version":[{"id":82886,"href":"https:\/\/zonaroja.com.mx\/index.php?rest_route=\/wp\/v2\/posts\/82885\/revisions\/82886"}],"wp:featuredmedia":[{"embeddable":true,"href":"https:\/\/zonaroja.com.mx\/index.php?rest_route=\/wp\/v2\/media\/71534"}],"wp:attachment":[{"href":"https:\/\/zonaroja.com.mx\/index.php?rest_route=%2Fwp%2Fv2%2Fmedia&parent=82885"}],"wp:term":[{"taxonomy":"category","embeddable":true,"href":"https:\/\/zonaroja.com.mx\/index.php?rest_route=%2Fwp%2Fv2%2Fcategories&post=82885"},{"taxonomy":"post_tag","embeddable":true,"href":"https:\/\/zonaroja.com.mx\/index.php?rest_route=%2Fwp%2Fv2%2Ftags&post=82885"}],"curies":[{"name":"wp","href":"https:\/\/api.w.org\/{rel}","templated":true}]}}