{"id":82889,"date":"2025-07-28T12:24:00","date_gmt":"2025-07-28T18:24:00","guid":{"rendered":"https:\/\/zonaroja.com.mx\/?p=82889"},"modified":"2025-07-28T08:25:12","modified_gmt":"2025-07-28T14:25:12","slug":"matan-a-otras-personas-en-la-region-del-istmo-de-tehuantepec","status":"publish","type":"post","link":"https:\/\/zonaroja.com.mx\/?p=82889","title":{"rendered":"Matan a otras personas en la regi\u00f3n del Istmo de Tehuantepec"},"content":{"rendered":"\n<p>Raymundo Morales\/Zona Roja.<\/p>\n\n\n\n<p>Oaxaca, Oax., a 28 de julio de 2025.- Otras dos personas fueron asesinadas a balazos este fin de semana en la regi\u00f3n del Istmo de Tehuantepec.<\/p>\n\n\n\n<p>Anoche, en la colonia Camilo Flores de Santa Cruz Tagolaba, Santo Domingo Tehuantepec, fue localizado un cuerpo sin vida con m\u00faltiples impactos de arma de fuego.<\/p>\n\n\n\n<p>La v\u00edctima fue identificada por sus familiares como \u00d3scar \u201cN\u201d, de oficio electricista, cuyo cuerpo presentaba adem\u00e1s signos de tortura y huellas de ejecuci\u00f3n.<\/p>\n\n\n\n<p>Mientras que la noche del s\u00e1bado ultimaron a balazos a un individuo en la colonia Rinc\u00f3n Viejo, del municipio de Mat\u00edas Romero Avenda\u00f1o.<\/p>\n\n\n\n<p>El cuerpo fue hallado en el interior de un domicilio y la v\u00edctima fue identificada como \u00c1ngel G. B., de unos 20 a\u00f1os de edad y quien era originario del municipio vecino de Santo Domingo Petapa.<\/p>\n\n\n\n<p>Cabe recordar que apenas el pasado viernes&nbsp; 25 de julio fue ejecutada a balazos otra persona en Santo Domingo Tehuantepec y cuyo cuerpo fue hallado en inmediaciones del ejido Guichuvere; respondi\u00f3 en vida al nombre de Jes\u00fas E. N. B.m de aproximadamente 35 a\u00f1os de edad y tambi\u00e9n presentaba signos de tortura.<\/p>\n","protected":false},"excerpt":{"rendered":"<p>Raymundo Morales\/Zona Roja. Oaxaca, Oax., a 28 de julio de 2025.- Otras dos personas fueron&hellip;<\/p>\n","protected":false},"author":2,"featured_media":73641,"comment_status":"closed","ping_status":"open","sticky":false,"template":"","format":"standard","meta":{"_lmt_disableupdate":"","_lmt_disable":"","_jetpack_memberships_contains_paid_content":false,"footnotes":""},"categories":[109,51],"tags":[533],"class_list":["post-82889","post","type-post","status-publish","format-standard","has-post-thumbnail","hentry","category-minuto-a-minuto","category-zona-roja","tag-asesinado-en-tehuantepec"],"jetpack_featured_media_url":"https:\/\/zonaroja.com.mx\/wp-content\/uploads\/2024\/10\/Escena-balazos-balas-policiaca.jpg","jetpack_sharing_enabled":true,"_links":{"self":[{"href":"https:\/\/zonaroja.com.mx\/index.php?rest_route=\/wp\/v2\/posts\/82889","targetHints":{"allow":["GET"]}}],"collection":[{"href":"https:\/\/zonaroja.com.mx\/index.php?rest_route=\/wp\/v2\/posts"}],"about":[{"href":"https:\/\/zonaroja.com.mx\/index.php?rest_route=\/wp\/v2\/types\/post"}],"author":[{"embeddable":true,"href":"https:\/\/zonaroja.com.mx\/index.php?rest_route=\/wp\/v2\/users\/2"}],"replies":[{"embeddable":true,"href":"https:\/\/zonaroja.com.mx\/index.php?rest_route=%2Fwp%2Fv2%2Fcomments&post=82889"}],"version-history":[{"count":1,"href":"https:\/\/zonaroja.com.mx\/index.php?rest_route=\/wp\/v2\/posts\/82889\/revisions"}],"predecessor-version":[{"id":82890,"href":"https:\/\/zonaroja.com.mx\/index.php?rest_route=\/wp\/v2\/posts\/82889\/revisions\/82890"}],"wp:featuredmedia":[{"embeddable":true,"href":"https:\/\/zonaroja.com.mx\/index.php?rest_route=\/wp\/v2\/media\/73641"}],"wp:attachment":[{"href":"https:\/\/zonaroja.com.mx\/index.php?rest_route=%2Fwp%2Fv2%2Fmedia&parent=82889"}],"wp:term":[{"taxonomy":"category","embeddable":true,"href":"https:\/\/zonaroja.com.mx\/index.php?rest_route=%2Fwp%2Fv2%2Fcategories&post=82889"},{"taxonomy":"post_tag","embeddable":true,"href":"https:\/\/zonaroja.com.mx\/index.php?rest_route=%2Fwp%2Fv2%2Ftags&post=82889"}],"curies":[{"name":"wp","href":"https:\/\/api.w.org\/{rel}","templated":true}]}}