{"id":82891,"date":"2025-07-28T11:25:00","date_gmt":"2025-07-28T17:25:00","guid":{"rendered":"https:\/\/zonaroja.com.mx\/?p=82891"},"modified":"2025-07-28T08:27:31","modified_gmt":"2025-07-28T14:27:31","slug":"anuncian-la-feria-del-tejate-y-del-tamal-en-la-ciudad-de-oaxaca","status":"publish","type":"post","link":"https:\/\/zonaroja.com.mx\/?p=82891","title":{"rendered":"Anuncian la Feria del Tejate y del Tamal en la ciudad de Oaxaca"},"content":{"rendered":"\n<p>Redacci\u00f3n\/Zona Roja.<\/p>\n\n\n\n<p>Oaxaca, Oax., a 28 de julio de 2025. \u2013 La Secretar\u00eda de Turismo del Estado (Sectur Oaxaca) invita a disfrutar de la tradicional Feria del Tejate y del Tamal, que se llevar\u00e1 a cabo este 1 y 2 de agosto en la emblem\u00e1tica Plaza de la Danza, de la ciudad capital, en un horario de 10:00 a 20:00 horas.<\/p>\n\n\n\n<p>Durante este evento gastron\u00f3mico, enmarcado en las fiestas de la Guelaguetza 2025; las y los asistentes podr\u00e1n deleitarse con estos alimentos y otros productos derivados del ma\u00edz, base fundamental de la gastronom\u00eda oaxaque\u00f1a.<\/p>\n\n\n\n<p>Esta feria naci\u00f3 como una iniciativa de 120 mujeres tejateras de San Andr\u00e9s Huayapam, quienes han convertido su elaboraci\u00f3n en una importante actividad econ\u00f3mica para sus hogares.<\/p>\n\n\n\n<p>En esta edici\u00f3n 18 participar\u00e1n m\u00e1s de 40 productoras de tejate, as\u00ed como 20 cocineras tradicionales de tamales y 10 de empanadas; quienes ofrecer\u00e1n sus productos durante dos d\u00edas consecutivos. Adem\u00e1s, el evento estar\u00e1 acompa\u00f1ado de presentaciones art\u00edsticas y musicales para disfrute de toda la familia.<\/p>\n\n\n\n<p>La dependencia subray\u00f3 que este tipo de ferias forman parte de los esfuerzos del Gobierno del Estado, para impulsar el bienestar de las comunidades oaxaque\u00f1as, promoviendo sus productos tradicionales y fortaleciendo la actividad tur\u00edstica.<\/p>\n\n\n\n<p>Finalmente, la Sectur Oaxaca extiende la invitaci\u00f3n a no perderse esta feria, donde adem\u00e1s de degustar la tradicional bebida elaborada con ma\u00edz, cacao, hueso de mamey y rosita de cacao, tambi\u00e9n se encontrar\u00e1n productos derivados de la bebida como nicuatole, panqu\u00e9s, galletas y dem\u00e1s alimentos, que engloban el sabor \u00fanico de la cocina tradicional oaxaque\u00f1a.<\/p>\n\n\n\n<p>M\u00c1S ESTRATEGIAS<\/p>\n\n\n\n<p>Por otra parte, Oaxaca se suma a la campa\u00f1a nacional \u201cVerifica y Viaja\u201d impulsada por la Uni\u00f3n de Secretarias y Secretarios de Turismo de M\u00e9xico (Asetur) en conjunto con el Gobierno de M\u00e9xico, para fomentar la compra informada de servicios tur\u00edsticos y prevenir el fraude en plataformas digitales.&nbsp;<\/p>\n\n\n\n<p>La titular de la Secretar\u00eda de Turismo (Sectur) Oaxaca, Saymi Pineda Velasco en su calidad de secretaria de la Mesa Directiva de Asetur, destac\u00f3 que esta iniciativa tiene como objetivo fortalecer la percepci\u00f3n de seguridad entre las y los viajeros, generando mayor confianza en M\u00e9xico como un destino anfitri\u00f3n.&nbsp;<\/p>\n\n\n\n<p>Se\u00f1al\u00f3 que las 32 entidades del pa\u00eds se han sumado, desarrollando campa\u00f1as y estableciendo protocolos en coordinaci\u00f3n con autoridades de los distintos \u00f3rdenes de gobierno, un ejemplo de ello, agreg\u00f3, es la difusi\u00f3n a trav\u00e9s de las redes sociales de las dependencias estatales lo que permitir\u00e1 alcanzar a un mayor n\u00famero de personas.<\/p>\n\n\n\n<p>La campa\u00f1a est\u00e1 enfocada en fomentar una cultura de compra segura entre las y los turistas, brindando recomendaciones pr\u00e1cticas para reservar con confianza sus viajes en l\u00ednea.<\/p>\n\n\n\n<p>As\u00ed, se proponen tres pasos: verificar rese\u00f1as, referencias y comentarios sobre la agencia de viajes; asegurarse de que el prestador de servicios cuente con Registro Nacional de Turismo (RNT); y revisar los m\u00e9todos de pago, evitando opciones como dep\u00f3sitos inmediatos, transferencias, pagos en tiendas de conveniencia o enlaces enviados por medios no oficiales, como mensajes de WhatsApp.<\/p>\n\n\n\n<p>Estas acciones procuran promover un turismo responsable y con bienestar para todas y todos, fortaleciendo la confianza en Oaxaca como un destino confiable y hospitalario.<\/p>\n","protected":false},"excerpt":{"rendered":"<p>Redacci\u00f3n\/Zona Roja. Oaxaca, Oax., a 28 de julio de 2025. \u2013 La Secretar\u00eda de Turismo&hellip;<\/p>\n","protected":false},"author":2,"featured_media":82892,"comment_status":"closed","ping_status":"open","sticky":false,"template":"","format":"standard","meta":{"_lmt_disableupdate":"","_lmt_disable":"","_jetpack_memberships_contains_paid_content":false,"footnotes":""},"categories":[109,46],"tags":[1031],"class_list":["post-82891","post","type-post","status-publish","format-standard","has-post-thumbnail","hentry","category-minuto-a-minuto","category-zona-blanca","tag-secretaria-de-turismo-oaxaca"],"jetpack_featured_media_url":"https:\/\/zonaroja.com.mx\/wp-content\/uploads\/2025\/07\/Invitan-a-disfrutar-de-la-Feria-del-Tejate-y-del-Tamal-en-la-Plaza-de-la-Danza-5.jpeg","jetpack_sharing_enabled":true,"_links":{"self":[{"href":"https:\/\/zonaroja.com.mx\/index.php?rest_route=\/wp\/v2\/posts\/82891","targetHints":{"allow":["GET"]}}],"collection":[{"href":"https:\/\/zonaroja.com.mx\/index.php?rest_route=\/wp\/v2\/posts"}],"about":[{"href":"https:\/\/zonaroja.com.mx\/index.php?rest_route=\/wp\/v2\/types\/post"}],"author":[{"embeddable":true,"href":"https:\/\/zonaroja.com.mx\/index.php?rest_route=\/wp\/v2\/users\/2"}],"replies":[{"embeddable":true,"href":"https:\/\/zonaroja.com.mx\/index.php?rest_route=%2Fwp%2Fv2%2Fcomments&post=82891"}],"version-history":[{"count":1,"href":"https:\/\/zonaroja.com.mx\/index.php?rest_route=\/wp\/v2\/posts\/82891\/revisions"}],"predecessor-version":[{"id":82893,"href":"https:\/\/zonaroja.com.mx\/index.php?rest_route=\/wp\/v2\/posts\/82891\/revisions\/82893"}],"wp:featuredmedia":[{"embeddable":true,"href":"https:\/\/zonaroja.com.mx\/index.php?rest_route=\/wp\/v2\/media\/82892"}],"wp:attachment":[{"href":"https:\/\/zonaroja.com.mx\/index.php?rest_route=%2Fwp%2Fv2%2Fmedia&parent=82891"}],"wp:term":[{"taxonomy":"category","embeddable":true,"href":"https:\/\/zonaroja.com.mx\/index.php?rest_route=%2Fwp%2Fv2%2Fcategories&post=82891"},{"taxonomy":"post_tag","embeddable":true,"href":"https:\/\/zonaroja.com.mx\/index.php?rest_route=%2Fwp%2Fv2%2Ftags&post=82891"}],"curies":[{"name":"wp","href":"https:\/\/api.w.org\/{rel}","templated":true}]}}