{"id":82896,"date":"2025-07-30T10:29:00","date_gmt":"2025-07-30T16:29:00","guid":{"rendered":"https:\/\/zonaroja.com.mx\/?p=82896"},"modified":"2025-07-30T06:15:16","modified_gmt":"2025-07-30T12:15:16","slug":"destaca-oaxaca-otra-vez-en-el-cine-con-ismael-vasquez-bernabe","status":"publish","type":"post","link":"https:\/\/zonaroja.com.mx\/?p=82896","title":{"rendered":"Destaca Oaxaca otra vez en el cine, con Ismael V\u00e1squez Bernab\u00e9"},"content":{"rendered":"\n<p>Lisbeth Mej\u00eda Reyes\/Zona Roja.<\/p>\n\n\n\n<p>Oaxaca, Oax., a 30 de julio de 2025.- Hacer cine en M\u00e9xico, dice Ismael V\u00e1zquez Bernab\u00e9, es complicado, pero lo es m\u00e1s cuando se es una persona ind\u00edgena. El director originario de San Pedro Amuzgos, regi\u00f3n costa de Oaxaca, ha transitado ese camino, desde el cual busca narrar las historias de su pueblo, ubicado en una zona donde colindan los estados de Oaxaca y Guerrero.<\/p>\n\n\n\n<p>Y aunque ha logrado dirigir su primer largometraje, \u00abHilando sones\u00bb, tambi\u00e9n alza la voz para que las personas ind\u00edgenas dejen de ser discriminadas o exotizadas a trav\u00e9s de la folclorizaci\u00f3n de sus culturas.<\/p>\n\n\n\n<p>Este viernes, la pel\u00edcula se estren\u00f3 en la Cineteca Nacional, Ciudad de M\u00e9xico y este s\u00e1bado, se proyect\u00f3 en el teatro Ju\u00e1rez, en la capital oaxaque\u00f1a.<\/p>\n\n\n\n<p>A prop\u00f3sito del estreno estatal, Ismael comparte algunas reflexiones sobre el cine y la la mirada o trato que se da en M\u00e9xico a las personas que son de alguna cultura o pueblo originario.<\/p>\n\n\n\n<p>Como ind\u00edgena, Ismael reclama su valor como una persona con derechos como cualquier otra. \u00abNo solamente estoy para entretenerlos en la (fiesta de) Guelaguetza sino tambi\u00e9n tengo ideas, otras cosas que compartir al mundo\u00bb, se\u00f1ala el director a prop\u00f3sito del estreno de su documental en Oaxaca en estas fechas, en las que algunas comunidades suben al auditorio Guelaguetza para participar en el espect\u00e1culo del Lunes del Cerro.<\/p>\n\n\n\n<p>\u00abNo niego que hay mucho folclor y baile y m\u00fasica en nuestras comunidades, pero ya es hora de destruir o construir otras im\u00e1genes de lo ind\u00edgena, que pr\u00e1cticamente se ha explotado mucho ahorita en proyectos ind\u00edgenas del folclor y la mirada muy paternalista\u00bb, explica V\u00e1zquez, quien mediante el cine busca mostrar esa otra mirada, pero no como un tercero o una persona ajena a su cultura sino como parte de ella.<\/p>\n\n\n\n<p>En \u00abHilando Sones\u00bb, su \u00f3pera prima, Ismael V\u00e1zquez Bernab\u00e9 rinde un homenaje a su historia, a la de su madre Zoila, una tejedor, y a la del violinista Donato y su hijo Lorenzo.<\/p>\n\n\n\n<p>Ismael naci\u00f3 en el \u201cpueblo de hilados\u201d, el que a trav\u00e9s de su documental llega a las salas nacionales luego de su paso por el festival de cine Hot Docs, en Toronto, Canad\u00e1 (2024), donde obtuvo menci\u00f3n honor\u00edfica; del Festival Internacional de Cine de Guadalajara&nbsp;<\/p>\n\n\n\n<p>2024, del Festival Internacional de Cine de Morelia 2024 y del Festival Zanate 2024. Adem\u00e1s de haber representado a M\u00e9xico en el summit de la Cumbre del G20 en R\u00edo de&nbsp;Janeiro, 2024.<\/p>\n","protected":false},"excerpt":{"rendered":"<p>Lisbeth Mej\u00eda Reyes\/Zona Roja. Oaxaca, Oax., a 30 de julio de 2025.- Hacer cine en&hellip;<\/p>\n","protected":false},"author":2,"featured_media":82911,"comment_status":"closed","ping_status":"open","sticky":false,"template":"","format":"standard","meta":{"_lmt_disableupdate":"","_lmt_disable":"","_jetpack_memberships_contains_paid_content":false,"footnotes":""},"categories":[109,46],"tags":[4375],"class_list":["post-82896","post","type-post","status-publish","format-standard","has-post-thumbnail","hentry","category-minuto-a-minuto","category-zona-blanca","tag-ismael-vasquez-bernabe"],"jetpack_featured_media_url":"https:\/\/zonaroja.com.mx\/wp-content\/uploads\/2025\/07\/Ismael-Vasquez-Bernabe.jpg","jetpack_sharing_enabled":true,"_links":{"self":[{"href":"https:\/\/zonaroja.com.mx\/index.php?rest_route=\/wp\/v2\/posts\/82896","targetHints":{"allow":["GET"]}}],"collection":[{"href":"https:\/\/zonaroja.com.mx\/index.php?rest_route=\/wp\/v2\/posts"}],"about":[{"href":"https:\/\/zonaroja.com.mx\/index.php?rest_route=\/wp\/v2\/types\/post"}],"author":[{"embeddable":true,"href":"https:\/\/zonaroja.com.mx\/index.php?rest_route=\/wp\/v2\/users\/2"}],"replies":[{"embeddable":true,"href":"https:\/\/zonaroja.com.mx\/index.php?rest_route=%2Fwp%2Fv2%2Fcomments&post=82896"}],"version-history":[{"count":3,"href":"https:\/\/zonaroja.com.mx\/index.php?rest_route=\/wp\/v2\/posts\/82896\/revisions"}],"predecessor-version":[{"id":82949,"href":"https:\/\/zonaroja.com.mx\/index.php?rest_route=\/wp\/v2\/posts\/82896\/revisions\/82949"}],"wp:featuredmedia":[{"embeddable":true,"href":"https:\/\/zonaroja.com.mx\/index.php?rest_route=\/wp\/v2\/media\/82911"}],"wp:attachment":[{"href":"https:\/\/zonaroja.com.mx\/index.php?rest_route=%2Fwp%2Fv2%2Fmedia&parent=82896"}],"wp:term":[{"taxonomy":"category","embeddable":true,"href":"https:\/\/zonaroja.com.mx\/index.php?rest_route=%2Fwp%2Fv2%2Fcategories&post=82896"},{"taxonomy":"post_tag","embeddable":true,"href":"https:\/\/zonaroja.com.mx\/index.php?rest_route=%2Fwp%2Fv2%2Ftags&post=82896"}],"curies":[{"name":"wp","href":"https:\/\/api.w.org\/{rel}","templated":true}]}}