{"id":82899,"date":"2025-07-28T15:46:06","date_gmt":"2025-07-28T21:46:06","guid":{"rendered":"https:\/\/zonaroja.com.mx\/?p=82899"},"modified":"2025-07-28T15:46:09","modified_gmt":"2025-07-28T21:46:09","slug":"el-poder-se-ejerce-con-humildad-respuesta-de-sheinbaum-sobre-viajes-de-andres-lopez","status":"publish","type":"post","link":"https:\/\/zonaroja.com.mx\/?p=82899","title":{"rendered":"\u201cEl poder se ejerce con humildad\u201d,  respuesta de Sheinbaum sobre viajes de Andr\u00e9s L\u00f3pez"},"content":{"rendered":"\n<p>Redacci\u00f3n\/Zona Roja Cdmx.<\/p>\n\n\n\n<p>Ciudad de M\u00e9xico, a 28 de julio de 2025.- \u00bfQu\u00e9 opina la presidenta de M\u00e9xico sobre los viajes de funcionarios de Morena al extranjero ? Claudia Sheinbaum record\u00f3 este lunes 28 de julio cu\u00e1l es la filosof\u00eda pol\u00edtica del partido tras abordar el reciente viaje de \u2018Andy\u2019 L\u00f3pez Beltr\u00e1n, hijo del expresidente Andr\u00e9s Manuel L\u00f3pez Obrador, a Tokio.<\/p>\n\n\n\n<p>Al ser cuestionada sobre el viaje del hijo de AMLO a Tokio, Sheinbaum afirm\u00f3 que \u201cel poder se ejerce con humildad\u201d, recordando la necesidad de apegarse a los principios de austeridad y responsabilidad pol\u00edtica.<\/p>\n\n\n\n<p>En conferencia de prensa, la presidenta de M\u00e9xico reiter\u00f3 que quienes forman parte del movimiento de la Cuarta Transformaci\u00f3n deben actuar conforme a los principios de austeridad.<\/p>\n\n\n\n<p>\u201cEl poder se ejerce con humildad, esa es mi posici\u00f3n y siempre va a ser. La gente tiene derecho a visitar uno u otro pa\u00eds, pero nosotros tenemos una responsabilidad pol\u00edtica y una responsabilidad que tiene que ver con el movimiento que representamos y los principios que representamos\u201d, expres\u00f3 desde Palacio Nacional.<\/p>\n\n\n\n<p>Esto surge despu\u00e9s de que L\u00f3pez Beltr\u00e1n fuera captado en un hotel en Tokio, lo que gener\u00f3 m\u00e1s cr\u00edticas, luego de que otros funcionarios de Morena optaran por vacacionar en el extranjero.<\/p>\n\n\n\n<p>Andr\u00e9s L\u00f3pez Beltr\u00e1n, quien es secretario de Organizaci\u00f3n de Morena, fue visto en el hotel Okura, un hospedaje de cinco estrellas en Tokio.<\/p>\n\n\n\n<p>Las im\u00e1genes que circularon en redes sociales mostraron al hijo de AMLO acompa\u00f1ado por el diputado Daniel Asaf, exmano derecha del expresidente. El hotel, considerado uno de los m\u00e1s exclusivos de Jap\u00f3n, tiene tarifas que oscilan entre 92 mil yenes (alrededor de 11 mil 550 pesos) y 392 mil yenes (aproximadamente 49 mil 213 pesos) por noche.<\/p>\n\n\n\n<p>Al ser cuestionada sobre la situaci\u00f3n, Sheinbaum enfatiz\u00f3 que aunque todos tienen derecho al libre tr\u00e1nsito, aquellos que representan la Cuarta Transformaci\u00f3n deben comportarse adecuadamente y ser responsables. \u201cTodos, en el momento que estamos desempe\u00f1ando un cargo p\u00fablico, debemos comportarnos adecuadamente\u201d, expres\u00f3.<\/p>\n\n\n\n<p>El viaje de \u2018Andy\u2019 L\u00f3pez Beltr\u00e1n no es un caso aislado. La controversia tambi\u00e9n alcanz\u00f3 a Mario Delgado, secretario de Educaci\u00f3n P\u00fablica, quien fue visto en un hotel en Portugal.<\/p>\n\n\n\n<p>(Informaci\u00f3n de \u201cEl Financiero\u201d)<\/p>\n","protected":false},"excerpt":{"rendered":"<p>Redacci\u00f3n\/Zona Roja Cdmx. Ciudad de M\u00e9xico, a 28 de julio de 2025.- \u00bfQu\u00e9 opina la&hellip;<\/p>\n","protected":false},"author":2,"featured_media":82900,"comment_status":"closed","ping_status":"open","sticky":false,"template":"","format":"standard","meta":{"_lmt_disableupdate":"","_lmt_disable":"","_jetpack_memberships_contains_paid_content":false,"footnotes":""},"categories":[109,46],"tags":[3370],"class_list":["post-82899","post","type-post","status-publish","format-standard","has-post-thumbnail","hentry","category-minuto-a-minuto","category-zona-blanca","tag-claudia-sheinbaum"],"jetpack_featured_media_url":"https:\/\/zonaroja.com.mx\/wp-content\/uploads\/2025\/07\/Claudia-Sheinbaum-y-andy-andres-Lopez.jpg.avif","jetpack_sharing_enabled":true,"_links":{"self":[{"href":"https:\/\/zonaroja.com.mx\/index.php?rest_route=\/wp\/v2\/posts\/82899","targetHints":{"allow":["GET"]}}],"collection":[{"href":"https:\/\/zonaroja.com.mx\/index.php?rest_route=\/wp\/v2\/posts"}],"about":[{"href":"https:\/\/zonaroja.com.mx\/index.php?rest_route=\/wp\/v2\/types\/post"}],"author":[{"embeddable":true,"href":"https:\/\/zonaroja.com.mx\/index.php?rest_route=\/wp\/v2\/users\/2"}],"replies":[{"embeddable":true,"href":"https:\/\/zonaroja.com.mx\/index.php?rest_route=%2Fwp%2Fv2%2Fcomments&post=82899"}],"version-history":[{"count":1,"href":"https:\/\/zonaroja.com.mx\/index.php?rest_route=\/wp\/v2\/posts\/82899\/revisions"}],"predecessor-version":[{"id":82901,"href":"https:\/\/zonaroja.com.mx\/index.php?rest_route=\/wp\/v2\/posts\/82899\/revisions\/82901"}],"wp:featuredmedia":[{"embeddable":true,"href":"https:\/\/zonaroja.com.mx\/index.php?rest_route=\/wp\/v2\/media\/82900"}],"wp:attachment":[{"href":"https:\/\/zonaroja.com.mx\/index.php?rest_route=%2Fwp%2Fv2%2Fmedia&parent=82899"}],"wp:term":[{"taxonomy":"category","embeddable":true,"href":"https:\/\/zonaroja.com.mx\/index.php?rest_route=%2Fwp%2Fv2%2Fcategories&post=82899"},{"taxonomy":"post_tag","embeddable":true,"href":"https:\/\/zonaroja.com.mx\/index.php?rest_route=%2Fwp%2Fv2%2Ftags&post=82899"}],"curies":[{"name":"wp","href":"https:\/\/api.w.org\/{rel}","templated":true}]}}