{"id":8290,"date":"2020-02-01T11:33:44","date_gmt":"2020-02-01T17:33:44","guid":{"rendered":"http:\/\/www.zonaroja.com.mx\/?p=8290"},"modified":"2020-02-01T11:33:47","modified_gmt":"2020-02-01T17:33:47","slug":"en-pleno-concierto-protesta-personal-de-la-secretaria-de-las-culturas","status":"publish","type":"post","link":"https:\/\/zonaroja.com.mx\/?p=8290","title":{"rendered":"En pleno concierto, protesta personal de la Secretar\u00eda de las Culturas"},"content":{"rendered":"\n<p>Evlin Arag\u00f3n\/Zona Roja.<\/p>\n\n\n\n<p>Oaxaca de Ju\u00e1rez, Oax., 1 de febrero de\n2020.- Personal t\u00e9cnico de la Secretar\u00eda de las Culturas y las Artes (Seculta),\nadscrito a los teatros \u201cMacedonio Alcal\u00e1\u201d y \u201cJu\u00e1rez\u201d, protest\u00f3 la noche de este\nviernes para reclamar la precaria situaci\u00f3n laboral a la que se enfrentan tras\nla aplicaci\u00f3n de despidos y diversos descuentos a sus salarios y prestaciones. <\/p>\n\n\n\n<p>En el marco del concierto que se\nllevaba a cabo al interior del teatro \u201cMacedonio Alcal\u00e1\u201d y ante el p\u00fablico\npresente, los trabajadores &#8211;en su mayor\u00eda t\u00e9cnicos de iluminaci\u00f3n y audio&#8211;\nexplicaron que han sido v\u00edctimas de una pol\u00edtica p\u00fablica de austeridad&nbsp; mal aplicada al interior de la Seculta,\ndirigida por Adriana Aguilar Escobar, que decidi\u00f3 rescindir contratos y reducir\nsalarios.<\/p>\n\n\n\n<p>\u201cSe\u00f1or gobernador los trabajadores\nexigimos mejores condiciones laborales, no despidos\u201d; \u201cRespeto a nuestro\ntrabajo y mejores condiciones laborales\u201d; y \u201cSe\u00f1or gobernador exigimos soluci\u00f3n\ninmediata\u201d, fueron parte de las consignas expuestas en diversas cartulinas que\nportaba el grupo de manifestantes <\/p>\n\n\n\n<p>Se trata de 13 trabajadores afectados,\ntres de los cuales fueron despedidos y al resto se le aplic\u00f3 un descuento de\nmil pesos, pese a que sus salarios son reducidos, oscilando entre los cuatro\nmil 500 y ocho mil pesos al mes, as\u00ed como laboran fines de semana y d\u00edas festivos\nsin contar con el pago de horas extras, prima vacacional, ni aguinaldo, al\ntratarse de personal de honorarios.<\/p>\n\n\n\n<p>\u201cEl descuento que se nos aplica no\ncreemos que sea de impacto para el gobierno y su pol\u00edtica de austeridad, no as\u00ed\npara nuestras familias que dependen de este ingreso, con lo cual nos perdemos\nde servicios m\u00e9dicos mayores\u201d, expresaron en el escenario donde previamente\nhizo presencia la Orquesta Sinf\u00f3nica de Oaxaca. <\/p>\n\n\n\n<p>Lamentaron la situaci\u00f3n ya que se trata\nde profesionales en las diferentes \u00e1reas t\u00e9cnicas de los recintos, especialidad\nque puntualizaron les ha costado a\u00f1os y dinero propio ya que la dependencia\nestatal no ha hecho nada por actualizarlos en el manejo del equipo que se\nutiliza en los teatros propiedad del Estado. <\/p>\n\n\n\n<p>As\u00ed mismo, criticaron que s\u00f3lo dos\npersonas hayan quedado contratadas al interior del teatro \u201cJu\u00e1rez\u201d y que no se\nsepa bien c\u00f3mo ser\u00e1 el funcionamiento del mismo debido a la falta de\ntrabajadores que puedan darle mantenimiento.<\/p>\n\n\n\n<p>Por lo anterior, pidieron el respaldo\nde la comunidad art\u00edstica y solicitaron la escucha y atenci\u00f3n del gobernador de\nOaxaca, Alejandro Murat Hinojosa, para dar soluci\u00f3n a la precaria situaci\u00f3n\nlaboral a la que se enfrentan y por la cual trabajan en protesta para no\nafectar a la comunidad art\u00edstica y al p\u00fablico que la sigue.<\/p>\n\n\n\n<p>\u201cConfiamos en usted se\u00f1or gobernador en\napoyar favorablemente nuestra petici\u00f3n de reinstalar al personal y de no\naplicar la reducci\u00f3n de nuestros salarios\u201d, concluyeron. <\/p>\n","protected":false},"excerpt":{"rendered":"<p>Evlin Arag\u00f3n\/Zona Roja. Oaxaca de Ju\u00e1rez, Oax., 1 de febrero de 2020.- Personal t\u00e9cnico de&hellip;<\/p>\n","protected":false},"author":2,"featured_media":8291,"comment_status":"closed","ping_status":"open","sticky":false,"template":"","format":"standard","meta":{"_lmt_disableupdate":"","_lmt_disable":"","_jetpack_memberships_contains_paid_content":false,"footnotes":""},"categories":[109,47],"tags":[1161],"class_list":["post-8290","post","type-post","status-publish","format-standard","has-post-thumbnail","hentry","category-minuto-a-minuto","category-zona-gris","tag-secretaria-de-las-culturas-y-las-artes"],"jetpack_featured_media_url":"https:\/\/zonaroja.com.mx\/wp-content\/uploads\/2020\/02\/Protesta-Seculta.jpg","jetpack_sharing_enabled":true,"_links":{"self":[{"href":"https:\/\/zonaroja.com.mx\/index.php?rest_route=\/wp\/v2\/posts\/8290","targetHints":{"allow":["GET"]}}],"collection":[{"href":"https:\/\/zonaroja.com.mx\/index.php?rest_route=\/wp\/v2\/posts"}],"about":[{"href":"https:\/\/zonaroja.com.mx\/index.php?rest_route=\/wp\/v2\/types\/post"}],"author":[{"embeddable":true,"href":"https:\/\/zonaroja.com.mx\/index.php?rest_route=\/wp\/v2\/users\/2"}],"replies":[{"embeddable":true,"href":"https:\/\/zonaroja.com.mx\/index.php?rest_route=%2Fwp%2Fv2%2Fcomments&post=8290"}],"version-history":[{"count":1,"href":"https:\/\/zonaroja.com.mx\/index.php?rest_route=\/wp\/v2\/posts\/8290\/revisions"}],"predecessor-version":[{"id":8292,"href":"https:\/\/zonaroja.com.mx\/index.php?rest_route=\/wp\/v2\/posts\/8290\/revisions\/8292"}],"wp:featuredmedia":[{"embeddable":true,"href":"https:\/\/zonaroja.com.mx\/index.php?rest_route=\/wp\/v2\/media\/8291"}],"wp:attachment":[{"href":"https:\/\/zonaroja.com.mx\/index.php?rest_route=%2Fwp%2Fv2%2Fmedia&parent=8290"}],"wp:term":[{"taxonomy":"category","embeddable":true,"href":"https:\/\/zonaroja.com.mx\/index.php?rest_route=%2Fwp%2Fv2%2Fcategories&post=8290"},{"taxonomy":"post_tag","embeddable":true,"href":"https:\/\/zonaroja.com.mx\/index.php?rest_route=%2Fwp%2Fv2%2Ftags&post=8290"}],"curies":[{"name":"wp","href":"https:\/\/api.w.org\/{rel}","templated":true}]}}