{"id":82902,"date":"2025-07-28T16:01:00","date_gmt":"2025-07-28T22:01:00","guid":{"rendered":"https:\/\/zonaroja.com.mx\/?p=82902"},"modified":"2025-07-28T16:01:03","modified_gmt":"2025-07-28T22:01:03","slug":"de-nuevo-juchitan-hallan-a-una-mujer-asesinada-a-balazos","status":"publish","type":"post","link":"https:\/\/zonaroja.com.mx\/?p=82902","title":{"rendered":"De nuevo Juchit\u00e1n: hallan a una mujer asesinada a balazos"},"content":{"rendered":"\n<p>Raymundo Morales\/Zona Roja.<\/p>\n\n\n\n<p>Oaxaca, Oax., a 28 de julio de 2025.- La violencia criminal no cesa en Juchit\u00e1n de Zaragoza y en esta ocasi\u00f3n, asesinaron a otra mujer.<\/p>\n\n\n\n<p>Fue poco despu\u00e9s del mediod\u00eda de este lunes en que fue localizado el cuerpo sin vida de una femenina, en inmediaciones de un r\u00edo cercano a la Quinta Secci\u00f3n.<\/p>\n\n\n\n<p>La v\u00edctima presenta varios impactos de arma de fuego y fue identificada de manera preliminar como Reyna B., quien tuvo su domicilio en la Novena Secci\u00f3n, tambi\u00e9n conocida como Cheguigo.<\/p>\n\n\n\n<p>Los vecinos de la zona reportaron detonaciones de arma de fuego, ante lo cual arribaron corporaciones policiacas, donde verificaron la existencia de un cuerpo sin vida.<\/p>\n\n\n\n<p>Al lugar arribaron los familiares, quienes reconocieron a la femenina y decidieron levantar el cuerpo.<\/p>\n\n\n\n<p>En tanto, la Vicefiscal\u00eda Regional del Istmo, dependiente de la Fiscal\u00eda General del Estado de Oaxaca, abri\u00f3 la carpeta de investigaci\u00f3n correspondiente e indaga el caso bajo los protocolos de feminicidio.<\/p>\n\n\n\n<p>Fue apenas el pasado 24 de julio en que ultimaron a balazos a dos j\u00f3venes, cuyos cuerpos fueron hallados en el interior de un veh\u00edculo en el tramo carretero La Venta-La Ventosa, jurisdicci\u00f3n de Juchit\u00e1n.<\/p>\n\n\n\n<p>El martes 22 de julio fue asesinada otra mujer en pleno centro de la ciudad juchiteca, quien se desempe\u00f1aba como colaboradora de un sitio de mototaxis. El mismo d\u00eda pero en otro sitio, fue asesinado un mototaxista de Juchit\u00e1n, quien fue localizado en la carretera local rumbo a El Espinal.<\/p>\n","protected":false},"excerpt":{"rendered":"<p>Raymundo Morales\/Zona Roja. Oaxaca, Oax., a 28 de julio de 2025.- La violencia criminal no&hellip;<\/p>\n","protected":false},"author":2,"featured_media":82903,"comment_status":"closed","ping_status":"open","sticky":false,"template":"","format":"standard","meta":{"_lmt_disableupdate":"","_lmt_disable":"","_jetpack_memberships_contains_paid_content":false,"footnotes":""},"categories":[109,51],"tags":[1604],"class_list":["post-82902","post","type-post","status-publish","format-standard","has-post-thumbnail","hentry","category-minuto-a-minuto","category-zona-roja","tag-asesinan-a-mujer-en-juchitan"],"jetpack_featured_media_url":"https:\/\/zonaroja.com.mx\/wp-content\/uploads\/2025\/07\/Mujer-asesinada-en-Juchitan.jpeg","jetpack_sharing_enabled":true,"_links":{"self":[{"href":"https:\/\/zonaroja.com.mx\/index.php?rest_route=\/wp\/v2\/posts\/82902","targetHints":{"allow":["GET"]}}],"collection":[{"href":"https:\/\/zonaroja.com.mx\/index.php?rest_route=\/wp\/v2\/posts"}],"about":[{"href":"https:\/\/zonaroja.com.mx\/index.php?rest_route=\/wp\/v2\/types\/post"}],"author":[{"embeddable":true,"href":"https:\/\/zonaroja.com.mx\/index.php?rest_route=\/wp\/v2\/users\/2"}],"replies":[{"embeddable":true,"href":"https:\/\/zonaroja.com.mx\/index.php?rest_route=%2Fwp%2Fv2%2Fcomments&post=82902"}],"version-history":[{"count":1,"href":"https:\/\/zonaroja.com.mx\/index.php?rest_route=\/wp\/v2\/posts\/82902\/revisions"}],"predecessor-version":[{"id":82904,"href":"https:\/\/zonaroja.com.mx\/index.php?rest_route=\/wp\/v2\/posts\/82902\/revisions\/82904"}],"wp:featuredmedia":[{"embeddable":true,"href":"https:\/\/zonaroja.com.mx\/index.php?rest_route=\/wp\/v2\/media\/82903"}],"wp:attachment":[{"href":"https:\/\/zonaroja.com.mx\/index.php?rest_route=%2Fwp%2Fv2%2Fmedia&parent=82902"}],"wp:term":[{"taxonomy":"category","embeddable":true,"href":"https:\/\/zonaroja.com.mx\/index.php?rest_route=%2Fwp%2Fv2%2Fcategories&post=82902"},{"taxonomy":"post_tag","embeddable":true,"href":"https:\/\/zonaroja.com.mx\/index.php?rest_route=%2Fwp%2Fv2%2Ftags&post=82902"}],"curies":[{"name":"wp","href":"https:\/\/api.w.org\/{rel}","templated":true}]}}