{"id":82905,"date":"2025-07-28T20:05:21","date_gmt":"2025-07-29T02:05:21","guid":{"rendered":"https:\/\/zonaroja.com.mx\/?p=82905"},"modified":"2025-07-28T20:05:24","modified_gmt":"2025-07-29T02:05:24","slug":"tras-cateo-detienen-a-un-presunto-narcomenudista-en-tuxtepec","status":"publish","type":"post","link":"https:\/\/zonaroja.com.mx\/?p=82905","title":{"rendered":"Tras cateo, detienen a un presunto narcomenudista en Tuxtepec"},"content":{"rendered":"\n<p>Redacci\u00f3n\/Zona Roja.<\/p>\n\n\n\n<p>Oaxaca, Oax., a 28 de julio de 2025.- La Fiscal\u00eda General del Estado de Oaxaca (FGEO) dio cumplimiento a una orden de cateo en el municipio de San Juan Bautista Tuxtepec, en la regi\u00f3n de la Cuenca del Papaloapan, logrando la detenci\u00f3n de una persona por delitos contra la salud en su modalidad de narcomenudeo en su hip\u00f3tesis de suministro de metanfetaminas.<\/p>\n\n\n\n<p>La movilizaci\u00f3n policial encabezada por elementos de la Agencia Estatal de Investigaciones (AEI) de la Unidad Especializada en Combate al Secuestro (UECS) y &nbsp;de la Vicefiscal\u00eda Regional de Valles Centrales, con apoyo de elementos de la Secretar\u00eda de la Defensa Nacional (Defensa), se efectu\u00f3 en un domicilio ubicado en el fraccionamiento \u00abLas Palmas del Ingenio\u00bb, lugar donde lograron la detenci\u00f3n de un hombre identificado como G.E.N.V., y aseguraron una unidad de motor con placas del estado de Veracruz, un arma de fuego con cartuchos \u00fatiles.<\/p>\n\n\n\n<p>En el domicilio, los elementos policiales hallaron tambi\u00e9n diversas bolsas de drogas conocidas como cristal, una b\u00e1scula gramera y una libreta con datos personales de varias personas, los cuales fueron marcados como indicios y fueron asegurados para integrarlos a las investigaciones ministeriales.<\/p>\n\n\n\n<p>Este despliegue estrat\u00e9gico de seguridad, deriva de trabajos de inteligencia realizados en torno al delito contra la salud en su modalidad de narcomenudeo en agravio de la sociedad.&nbsp;<\/p>\n\n\n\n<p>Tanto la persona detenida como los objetos asegurados, quedaron a disposici\u00f3n de la autoridad ministerial correspondiente para resolver su situaci\u00f3n jur\u00eddica.<\/p>\n\n\n\n<p>DETENIDO EN ZENZONTEPEC<\/p>\n\n\n\n<p>En otro caso, la Fiscal\u00eda General del Estado dio cumplimiento a una orden de aprehensi\u00f3n por el delito de Tentativa de Homicidio, lo que permiti\u00f3 la detenci\u00f3n de una persona del sexo masculino identificada como A.S.C., por hechos ocurridos en la regi\u00f3n de la Sierra Sur.<\/p>\n\n\n\n<p>De acuerdo con las investigaciones ministeriales, los hechos ocurrieron el 21 de julio de 2025, cuando se llevaba a cabo una fiesta en la localidad de Mano el Se\u00f1or, en Santa Cruz Zenzontepec, perteneciente al distrito de Sola de Vega.<\/p>\n\n\n\n<p>Al lugar lleg\u00f3 el agresor quien se dirigi\u00f3 a la v\u00edctima, a quien atac\u00f3 con un machete, infligiendo una herida en el cuello, por lo que fue trasladado a un hospital donde recibi\u00f3 la atenci\u00f3n m\u00e9dica correspondiente.<\/p>\n\n\n\n<p>Luego de la agresi\u00f3n, la Fiscal\u00eda de Oaxaca tom\u00f3 conocimiento de los hechos e inici\u00f3 las labores correspondientes a trav\u00e9s de la Vicefiscal\u00eda Regional de Valles Centrales, logrando obtener una orden de aprehensi\u00f3n.<\/p>\n\n\n\n<p>Gracias a las labores de campo de elementos de la Agencia Estatal de Investigaciones (AEI), se realiz\u00f3 un operativo en inmediaciones de Santa Cruz Zenzontepec, gracias al cual dieron cumplimiento al mandato judicial, logrando la detenci\u00f3n de A.S.C, quien fue puesto a disposici\u00f3n de la autoridad que lo requiri\u00f3 para determinar su situaci\u00f3n jur\u00eddica.<\/p>\n","protected":false},"excerpt":{"rendered":"<p>Redacci\u00f3n\/Zona Roja. Oaxaca, Oax., a 28 de julio de 2025.- La Fiscal\u00eda General del Estado&hellip;<\/p>\n","protected":false},"author":2,"featured_media":82906,"comment_status":"closed","ping_status":"open","sticky":false,"template":"","format":"standard","meta":{"_lmt_disableupdate":"","_lmt_disable":"","_jetpack_memberships_contains_paid_content":false,"footnotes":""},"categories":[109,46],"tags":[494],"class_list":["post-82905","post","type-post","status-publish","format-standard","has-post-thumbnail","hentry","category-minuto-a-minuto","category-zona-blanca","tag-fiscalia-general-del-estado-de-oaxaca"],"jetpack_featured_media_url":"https:\/\/zonaroja.com.mx\/wp-content\/uploads\/2025\/07\/Fiscalia-narcomenudista-Tuxtepec.jpg","jetpack_sharing_enabled":true,"_links":{"self":[{"href":"https:\/\/zonaroja.com.mx\/index.php?rest_route=\/wp\/v2\/posts\/82905","targetHints":{"allow":["GET"]}}],"collection":[{"href":"https:\/\/zonaroja.com.mx\/index.php?rest_route=\/wp\/v2\/posts"}],"about":[{"href":"https:\/\/zonaroja.com.mx\/index.php?rest_route=\/wp\/v2\/types\/post"}],"author":[{"embeddable":true,"href":"https:\/\/zonaroja.com.mx\/index.php?rest_route=\/wp\/v2\/users\/2"}],"replies":[{"embeddable":true,"href":"https:\/\/zonaroja.com.mx\/index.php?rest_route=%2Fwp%2Fv2%2Fcomments&post=82905"}],"version-history":[{"count":1,"href":"https:\/\/zonaroja.com.mx\/index.php?rest_route=\/wp\/v2\/posts\/82905\/revisions"}],"predecessor-version":[{"id":82907,"href":"https:\/\/zonaroja.com.mx\/index.php?rest_route=\/wp\/v2\/posts\/82905\/revisions\/82907"}],"wp:featuredmedia":[{"embeddable":true,"href":"https:\/\/zonaroja.com.mx\/index.php?rest_route=\/wp\/v2\/media\/82906"}],"wp:attachment":[{"href":"https:\/\/zonaroja.com.mx\/index.php?rest_route=%2Fwp%2Fv2%2Fmedia&parent=82905"}],"wp:term":[{"taxonomy":"category","embeddable":true,"href":"https:\/\/zonaroja.com.mx\/index.php?rest_route=%2Fwp%2Fv2%2Fcategories&post=82905"},{"taxonomy":"post_tag","embeddable":true,"href":"https:\/\/zonaroja.com.mx\/index.php?rest_route=%2Fwp%2Fv2%2Ftags&post=82905"}],"curies":[{"name":"wp","href":"https:\/\/api.w.org\/{rel}","templated":true}]}}