{"id":82908,"date":"2025-07-28T20:37:13","date_gmt":"2025-07-29T02:37:13","guid":{"rendered":"https:\/\/zonaroja.com.mx\/?p=82908"},"modified":"2025-07-28T20:37:17","modified_gmt":"2025-07-29T02:37:17","slug":"reactivaran-denuncia-contra-agresor-de-pijy-victima-de-violacion-y-de-suplantacion","status":"publish","type":"post","link":"https:\/\/zonaroja.com.mx\/?p=82908","title":{"rendered":"Reactivar\u00e1n denuncia contra agresor de \u201cPijy\u201d, v\u00edctima de violaci\u00f3n y de suplantaci\u00f3n"},"content":{"rendered":"\n<p>Lisbeth Mej\u00eda Reyes\/Zona Roja.<\/p>\n\n\n\n<p>Oaxaca, Oax., a 28 de julio de 2025.- Pl\u00e1cido N., presunto agresor de la joven ayuuk \u201cPijy\u201d, enfrentar\u00e1 nuevamente la justicia por el delito de violaci\u00f3n cometido en 2013 y del que hab\u00eda tratado de librarse en el a\u00f1o 2022 con la ayuda de su pareja, quien entonces se hizo pasar por la v\u00edctima para otorgarle el perd\u00f3n.<\/p>\n\n\n\n<p>Este lunes, el juez de control del Poder Judicial con sede en Tanivet, Iv\u00e1n L\u00f3pez Morales, anul\u00f3 \u00abla audiencia de sobreseimiento de la causa penal contra Pl\u00e1cido N. por el delito de violaci\u00f3n iniciada en el a\u00f1o 2013, cuando la v\u00edctima \u201cPijy\u201d ten\u00eda 15 a\u00f1os de edad\u00bb. &nbsp;<\/p>\n\n\n\n<p>Joaqu\u00edn Galv\u00e1n, el defensor que acompa\u00f1a el caso de la joven mixe, se\u00f1al\u00f3 que con esto la Fiscal\u00eda General del Estado de Oaxaca podr\u00e1 \u00abpresentar la acusaci\u00f3n formal por el delito de violaci\u00f3n contra Pl\u00e1cido N., a la par de los otros procesos penales que enfrentan el agresor y su pareja por suplantaci\u00f3n y uso de documentos falsos.<\/p>\n\n\n\n<p>A trav\u00e9s de un video y de un comunicado, Galv\u00e1n record\u00f3 que fue una audiencia de septiembre de 2022 cuando el agresor, Pl\u00e1cido N, acudi\u00f3 ante el Ministerio P\u00fablico de Mat\u00edas Romero y al juzgado de control junto a una mujer que se hizo pasar por la v\u00edctima, y con lo cual logr\u00f3 en su momento que la orden de aprehensi\u00f3n y la causa penal en su contra fuera sobrese\u00edda.&nbsp;<\/p>\n\n\n\n<p>Con esto, Pl\u00e1cido N. pudo postularse para la presidencia municipal de San Juan Mazatl\u00e1n Mixe, pues uno de los requisitos para poder acceder a dicho cargo era que \u00abno deb\u00eda existir acci\u00f3n penal contra un candidato\u00bb.<\/p>\n\n\n\n<p>Fue en octubre de 2022, un mes despu\u00e9s de aquella audiencia, cuando \u00abla verdadera v\u00edctima se dio cuenta de la suplantaci\u00f3n al acudir directamente a la fiscal\u00eda y juzgado de control de Mat\u00edas Romero\u00bb y empez\u00f3 as\u00ed una nueva lucha: la de justicia por violaci\u00f3n y la de suplantaci\u00f3n de identidad, que favorecieron las mismas autoridades. En ese entonces bajo la titularidad del ex fiscal Arturo Peimbert Calvo.<\/p>\n\n\n\n<p>El hecho marc\u00f3 a Pijy, quien para entonces era doblemente v\u00edctima y no fue sino hasta el a\u00f1o 2024 cuando volvi\u00f3 a sentirse con las fuerzas para retomar su lucha. As\u00ed, con el acompa\u00f1amiento del activista ayuuk Joaqu\u00edn Galv\u00e1n acudi\u00f3 nuevamente ante la Fiscal\u00eda, ahora bajo el mando de Bernardo Rodr\u00edguez Alamilla, quien se comprometi\u00f3 a seguir las investigaciones.&nbsp;<\/p>\n\n\n\n<p>El pasado 31 de octubre fueron aprehendidos Pl\u00e1cido N. y Karla N., por los delitos de suplantaci\u00f3n, uso de papeles falsos y falsedad de declaraciones judiciales. En ese entonces, Pl\u00e1cido era presidente municipal de San Juan Mazatl\u00e1n.<\/p>\n\n\n\n<p>El 12 de junio de este a\u00f1o, la Defensor\u00eda de los Derechos Humanos del Pueblo de Oaxaca (DDHPO) determin\u00f3 en su recomendaci\u00f3n 12\/2025 que \u00abexistieron graves omisiones en la actuaci\u00f3n del personal ministerial\u00bb de Mat\u00edas Romero en el caso de Pijy, ya que la Fiscal\u00eda, entonces a cargo de Arturo Peimbert, facilit\u00f3 la impunidad y vulner\u00f3 los derechos fundamentales de una joven ayuuk, v\u00edctima de violaci\u00f3n sexual y de suplantaci\u00f3n de identidad. Ante esto, emiti\u00f3 la recomendaci\u00f3n que, entre otros puntos, se\u00f1ala que la fiscal\u00eda deber\u00e1 reconocer su responsabilidad y disculparse p\u00fablicamente con la joven, adem\u00e1s de garantizar que esta acceda a la reparaci\u00f3n integral del da\u00f1o, entre otras recomendaciones que por ahora no se han concretado.<\/p>\n","protected":false},"excerpt":{"rendered":"<p>Lisbeth Mej\u00eda Reyes\/Zona Roja. Oaxaca, Oax., a 28 de julio de 2025.- Pl\u00e1cido N., presunto&hellip;<\/p>\n","protected":false},"author":2,"featured_media":74020,"comment_status":"closed","ping_status":"open","sticky":false,"template":"","format":"standard","meta":{"_lmt_disableupdate":"","_lmt_disable":"","_jetpack_memberships_contains_paid_content":false,"footnotes":""},"categories":[109,47],"tags":[],"class_list":["post-82908","post","type-post","status-publish","format-standard","has-post-thumbnail","hentry","category-minuto-a-minuto","category-zona-gris"],"jetpack_featured_media_url":"https:\/\/zonaroja.com.mx\/wp-content\/uploads\/2024\/10\/1715b41d-2c39-44b9-85ce-7f73e0f1f1de-1.jpg","jetpack_sharing_enabled":true,"_links":{"self":[{"href":"https:\/\/zonaroja.com.mx\/index.php?rest_route=\/wp\/v2\/posts\/82908","targetHints":{"allow":["GET"]}}],"collection":[{"href":"https:\/\/zonaroja.com.mx\/index.php?rest_route=\/wp\/v2\/posts"}],"about":[{"href":"https:\/\/zonaroja.com.mx\/index.php?rest_route=\/wp\/v2\/types\/post"}],"author":[{"embeddable":true,"href":"https:\/\/zonaroja.com.mx\/index.php?rest_route=\/wp\/v2\/users\/2"}],"replies":[{"embeddable":true,"href":"https:\/\/zonaroja.com.mx\/index.php?rest_route=%2Fwp%2Fv2%2Fcomments&post=82908"}],"version-history":[{"count":1,"href":"https:\/\/zonaroja.com.mx\/index.php?rest_route=\/wp\/v2\/posts\/82908\/revisions"}],"predecessor-version":[{"id":82909,"href":"https:\/\/zonaroja.com.mx\/index.php?rest_route=\/wp\/v2\/posts\/82908\/revisions\/82909"}],"wp:featuredmedia":[{"embeddable":true,"href":"https:\/\/zonaroja.com.mx\/index.php?rest_route=\/wp\/v2\/media\/74020"}],"wp:attachment":[{"href":"https:\/\/zonaroja.com.mx\/index.php?rest_route=%2Fwp%2Fv2%2Fmedia&parent=82908"}],"wp:term":[{"taxonomy":"category","embeddable":true,"href":"https:\/\/zonaroja.com.mx\/index.php?rest_route=%2Fwp%2Fv2%2Fcategories&post=82908"},{"taxonomy":"post_tag","embeddable":true,"href":"https:\/\/zonaroja.com.mx\/index.php?rest_route=%2Fwp%2Fv2%2Ftags&post=82908"}],"curies":[{"name":"wp","href":"https:\/\/api.w.org\/{rel}","templated":true}]}}